{"id":32703,"date":"2024-05-20T11:30:57","date_gmt":"2024-05-20T11:30:57","guid":{"rendered":"https:\/\/blogdorogeriogomes.com.br\/noticias\/?p=32703"},"modified":"2024-05-20T11:30:58","modified_gmt":"2024-05-20T11:30:58","slug":"planalto-articula-com-governo-do-rio-grande-do-sul-as-primeiras-acoes-para-reconstrucao-do-estado-apos-tragedia","status":"publish","type":"post","link":"https:\/\/blogdorogeriogomes.com.br\/noticias\/2024\/05\/planalto-articula-com-governo-do-rio-grande-do-sul-as-primeiras-acoes-para-reconstrucao-do-estado-apos-tragedia\/","title":{"rendered":"Planalto articula com Governo do Rio Grande do Sul as primeiras a\u00e7\u00f5es para reconstru\u00e7\u00e3o do Estado ap\u00f3s trag\u00e9dia"},"content":{"rendered":"\n<p>O ministro Paulo Pimenta (PT), nomeado chefe da Secretaria Extraordin\u00e1ria de Apoio \u00e0 Reconstru\u00e7\u00e3o do Rio Grande do Sul, articula com o governador Eduardo Leite (PSDB) as primeiras a\u00e7\u00f5es para a reconstru\u00e7\u00e3o do Estado ap\u00f3s a trag\u00e9dia provocada pelas enchentes. Especialistas destacam que, a curto e m\u00e9dio prazo, o governo deve centrar seus esfor\u00e7os na constru\u00e7\u00e3o de moradias e na recupera\u00e7\u00e3o de rodovias e pontes, afetadas pelas enchentes. A partir de ent\u00e3o, o foco dever\u00e1 ser direcionado aos equipamentos p\u00fablicos de sa\u00fade e educa\u00e7\u00e3o.<\/p>\n\n\n\n<p>O governador do Rio Grande do Sul, Eduardo Leite (PSDB), reconhece que estudos apontavam a possibilidade de haver uma eleva\u00e7\u00e3o no n\u00edvel das chuvas que poderia causar grandes enchentes no estado. No entanto, afirma que n\u00e3o investiu mais recursos na preven\u00e7\u00e3o porque &#8220;o governo tamb\u00e9m vive outras agendas&#8221; e que a pauta &#8220;que se impunha era a quest\u00e3o fiscal&#8221;.<\/p>\n\n\n\n<p>O n\u00edvel do lago Gua\u00edba, em Porto Alegre, caiu ainda mais nesta segunda-feira. \u00c0s 5h15min, a marca estava em 4,30m. A rede municipal de ensino inicia a volta \u00e0s atividades em Porto Alegre neste in\u00edcio de semana. H\u00e1 157 pessoas mortas por causa da trag\u00e9dia no Rio Grande do Sul.<\/p>\n\n\n\n<figure class=\"wp-block-image size-full\"><img loading=\"lazy\" decoding=\"async\" width=\"500\" height=\"240\" src=\"https:\/\/blogdorogeriogomes.com.br\/noticias\/wp-content\/uploads\/2024\/05\/20230906150940_f68786c2eec36e9553f88d9f58d0bbb0c257761acf0651754f619bff8ea3bb56.webp\" alt=\"\" class=\"wp-image-32704\" srcset=\"https:\/\/blogdorogeriogomes.com.br\/noticias\/wp-content\/uploads\/2024\/05\/20230906150940_f68786c2eec36e9553f88d9f58d0bbb0c257761acf0651754f619bff8ea3bb56.webp 500w, https:\/\/blogdorogeriogomes.com.br\/noticias\/wp-content\/uploads\/2024\/05\/20230906150940_f68786c2eec36e9553f88d9f58d0bbb0c257761acf0651754f619bff8ea3bb56-300x144.webp 300w\" sizes=\"auto, (max-width: 500px) 100vw, 500px\" \/><\/figure>\n","protected":false},"excerpt":{"rendered":"<p>O ministro Paulo Pimenta (PT), nomeado chefe da Secretaria Extraordin\u00e1ria de Apoio \u00e0 Reconstru\u00e7\u00e3o do Rio Grande do Sul, articula com o governador Eduardo Leite (PSDB) as primeiras a\u00e7\u00f5es para a reconstru\u00e7\u00e3o do Estado ap\u00f3s a trag\u00e9dia provocada pelas enchentes. Especialistas destacam que, a curto e m\u00e9dio prazo, o governo deve centrar seus esfor\u00e7os na constru\u00e7\u00e3o de moradias e na recupera\u00e7\u00e3o de rodovias e pontes, afetadas pelas enchentes. A partir de ent\u00e3o, o foco dever\u00e1 ser direcionado aos equipamentos&hellip;<\/p>\n","protected":false},"author":1,"featured_media":32704,"comment_status":"open","ping_status":"open","sticky":false,"template":"","format":"standard","meta":{"footnotes":""},"categories":[1],"tags":[],"class_list":["post-32703","post","type-post","status-publish","format-standard","has-post-thumbnail","hentry","category-noticias"],"_links":{"self":[{"href":"https:\/\/blogdorogeriogomes.com.br\/noticias\/wp-json\/wp\/v2\/posts\/32703","targetHints":{"allow":["GET"]}}],"collection":[{"href":"https:\/\/blogdorogeriogomes.com.br\/noticias\/wp-json\/wp\/v2\/posts"}],"about":[{"href":"https:\/\/blogdorogeriogomes.com.br\/noticias\/wp-json\/wp\/v2\/types\/post"}],"author":[{"embeddable":true,"href":"https:\/\/blogdorogeriogomes.com.br\/noticias\/wp-json\/wp\/v2\/users\/1"}],"replies":[{"embeddable":true,"href":"https:\/\/blogdorogeriogomes.com.br\/noticias\/wp-json\/wp\/v2\/comments?post=32703"}],"version-history":[{"count":1,"href":"https:\/\/blogdorogeriogomes.com.br\/noticias\/wp-json\/wp\/v2\/posts\/32703\/revisions"}],"predecessor-version":[{"id":32705,"href":"https:\/\/blogdorogeriogomes.com.br\/noticias\/wp-json\/wp\/v2\/posts\/32703\/revisions\/32705"}],"wp:featuredmedia":[{"embeddable":true,"href":"https:\/\/blogdorogeriogomes.com.br\/noticias\/wp-json\/wp\/v2\/media\/32704"}],"wp:attachment":[{"href":"https:\/\/blogdorogeriogomes.com.br\/noticias\/wp-json\/wp\/v2\/media?parent=32703"}],"wp:term":[{"taxonomy":"category","embeddable":true,"href":"https:\/\/blogdorogeriogomes.com.br\/noticias\/wp-json\/wp\/v2\/categories?post=32703"},{"taxonomy":"post_tag","embeddable":true,"href":"https:\/\/blogdorogeriogomes.com.br\/noticias\/wp-json\/wp\/v2\/tags?post=32703"}],"curies":[{"name":"wp","href":"https:\/\/api.w.org\/{rel}","templated":true}]}}