{"id":32709,"date":"2024-05-20T21:10:33","date_gmt":"2024-05-20T21:10:33","guid":{"rendered":"https:\/\/blogdorogeriogomes.com.br\/noticias\/?p=32709"},"modified":"2024-05-20T21:10:33","modified_gmt":"2024-05-20T21:10:33","slug":"governador-elmano-de-freitas-sanciona-lei-para-aquisicao-de-fardamento-para-policiais-penais","status":"publish","type":"post","link":"https:\/\/blogdorogeriogomes.com.br\/noticias\/2024\/05\/governador-elmano-de-freitas-sanciona-lei-para-aquisicao-de-fardamento-para-policiais-penais\/","title":{"rendered":"Governador Elmano de Freitas sanciona lei para aquisi\u00e7\u00e3o de fardamento para policiais penais"},"content":{"rendered":"\n<p>O governador do Cear\u00e1, Elmano de Freitas, sancionou, nesta segunda-feira, dia 20 de maio, lei que amplia para os policiais penais o repasse, no valor de R$ 950 para cada profissional, para aquisi\u00e7\u00e3o de fardamento. A medida j\u00e1 estava prevista para os policiais e bombeiros militares do Cear\u00e1.<\/p>\n\n\n\n<p>Elmano de Freitas destacou que a nova lei traz mais conforto para os profissionais. \u201cAgora nossos policiais ter\u00e3o mais autonomia para a compra do pr\u00f3prio uniforme. O projeto ser\u00e1 publicado no Di\u00e1rio Oficial do Estado (DOE) ainda nesta segunda-feira. Agrade\u00e7o aos deputados pela aprova\u00e7\u00e3o dessa importante iniciativa para a categoria\u201d, disse.<\/p>\n\n\n\n<p>Ao todo, 3.600 policiais ser\u00e3o beneficiados com a nova lei. Desta maneira, os profissionais de seguran\u00e7a ter\u00e3o mais agilidade no processo de aquisi\u00e7\u00e3o diante da necessidade de renova\u00e7\u00e3o dos uniformes.<\/p>\n\n\n\n<figure class=\"wp-block-image size-large\"><img loading=\"lazy\" decoding=\"async\" width=\"1024\" height=\"684\" src=\"https:\/\/blogdorogeriogomes.com.br\/noticias\/wp-content\/uploads\/2024\/05\/DSC0491-1200x802-1-1024x684.jpg\" alt=\"\" class=\"wp-image-32710\" srcset=\"https:\/\/blogdorogeriogomes.com.br\/noticias\/wp-content\/uploads\/2024\/05\/DSC0491-1200x802-1-1024x684.jpg 1024w, https:\/\/blogdorogeriogomes.com.br\/noticias\/wp-content\/uploads\/2024\/05\/DSC0491-1200x802-1-300x201.jpg 300w, https:\/\/blogdorogeriogomes.com.br\/noticias\/wp-content\/uploads\/2024\/05\/DSC0491-1200x802-1-768x513.jpg 768w, https:\/\/blogdorogeriogomes.com.br\/noticias\/wp-content\/uploads\/2024\/05\/DSC0491-1200x802-1-800x535.jpg 800w, https:\/\/blogdorogeriogomes.com.br\/noticias\/wp-content\/uploads\/2024\/05\/DSC0491-1200x802-1.jpg 1200w\" sizes=\"auto, (max-width: 1024px) 100vw, 1024px\" \/><\/figure>\n","protected":false},"excerpt":{"rendered":"<p>O governador do Cear\u00e1, Elmano de Freitas, sancionou, nesta segunda-feira, dia 20 de maio, lei que amplia para os policiais penais o repasse, no valor de R$ 950 para cada profissional, para aquisi\u00e7\u00e3o de fardamento. A medida j\u00e1 estava prevista para os policiais e bombeiros militares do Cear\u00e1. Elmano de Freitas destacou que a nova lei traz mais conforto para os profissionais. \u201cAgora nossos policiais ter\u00e3o mais autonomia para a compra do pr\u00f3prio uniforme. O projeto ser\u00e1 publicado no&hellip;<\/p>\n","protected":false},"author":1,"featured_media":32710,"comment_status":"open","ping_status":"open","sticky":false,"template":"","format":"standard","meta":{"footnotes":""},"categories":[1],"tags":[],"class_list":["post-32709","post","type-post","status-publish","format-standard","has-post-thumbnail","hentry","category-noticias"],"_links":{"self":[{"href":"https:\/\/blogdorogeriogomes.com.br\/noticias\/wp-json\/wp\/v2\/posts\/32709","targetHints":{"allow":["GET"]}}],"collection":[{"href":"https:\/\/blogdorogeriogomes.com.br\/noticias\/wp-json\/wp\/v2\/posts"}],"about":[{"href":"https:\/\/blogdorogeriogomes.com.br\/noticias\/wp-json\/wp\/v2\/types\/post"}],"author":[{"embeddable":true,"href":"https:\/\/blogdorogeriogomes.com.br\/noticias\/wp-json\/wp\/v2\/users\/1"}],"replies":[{"embeddable":true,"href":"https:\/\/blogdorogeriogomes.com.br\/noticias\/wp-json\/wp\/v2\/comments?post=32709"}],"version-history":[{"count":1,"href":"https:\/\/blogdorogeriogomes.com.br\/noticias\/wp-json\/wp\/v2\/posts\/32709\/revisions"}],"predecessor-version":[{"id":32711,"href":"https:\/\/blogdorogeriogomes.com.br\/noticias\/wp-json\/wp\/v2\/posts\/32709\/revisions\/32711"}],"wp:featuredmedia":[{"embeddable":true,"href":"https:\/\/blogdorogeriogomes.com.br\/noticias\/wp-json\/wp\/v2\/media\/32710"}],"wp:attachment":[{"href":"https:\/\/blogdorogeriogomes.com.br\/noticias\/wp-json\/wp\/v2\/media?parent=32709"}],"wp:term":[{"taxonomy":"category","embeddable":true,"href":"https:\/\/blogdorogeriogomes.com.br\/noticias\/wp-json\/wp\/v2\/categories?post=32709"},{"taxonomy":"post_tag","embeddable":true,"href":"https:\/\/blogdorogeriogomes.com.br\/noticias\/wp-json\/wp\/v2\/tags?post=32709"}],"curies":[{"name":"wp","href":"https:\/\/api.w.org\/{rel}","templated":true}]}}