{"id":32712,"date":"2024-05-21T09:56:59","date_gmt":"2024-05-21T09:56:59","guid":{"rendered":"https:\/\/blogdorogeriogomes.com.br\/noticias\/?p=32712"},"modified":"2024-05-21T09:57:00","modified_gmt":"2024-05-21T09:57:00","slug":"prefeitura-inicia-retirada-de-entulhos-apos-concluir-demolicao-do-edificio-sao-pedro-na-praia-de-iracema","status":"publish","type":"post","link":"https:\/\/blogdorogeriogomes.com.br\/noticias\/2024\/05\/prefeitura-inicia-retirada-de-entulhos-apos-concluir-demolicao-do-edificio-sao-pedro-na-praia-de-iracema\/","title":{"rendered":"Prefeitura inicia retirada de entulhos ap\u00f3s concluir demoli\u00e7\u00e3o do edif\u00edcio S\u00e3o Pedro, na Praia de Iracema"},"content":{"rendered":"\n<p>A Prefeitura de Fortaleza iniciou o processo de retirada de entulhos ap\u00f3s concluir a demoli\u00e7\u00e3o do edif\u00edcio S\u00e3o Pedro, na Praia de Iracema. &#8220;O que est\u00e1 sendo feito agora \u00e9 o servi\u00e7o de carga do material que foi demolido e envio para reciclagem&#8221;, explicou o secret\u00e1rio de Infraestrutura do Munic\u00edpio, Samuel Dias. Parte do material enviado para reciclagem deve ser reaproveitado, inclusive, em obras tocadas pela prefeitura.<\/p>\n\n\n\n<p>A obra de demoli\u00e7\u00e3o do edif\u00edcio S\u00e3o Pedro come\u00e7ou em mar\u00e7o, com previs\u00e3o de conclus\u00e3o em tr\u00eas meses. Segundo o prefeito de Fortaleza, Jos\u00e9 Sarto, o pr\u00e9dio localizado na Praia de Iracema precisava ser demolido, porque apresentava risco de desmoronamento.<\/p>\n\n\n\n<figure class=\"wp-block-image size-full\"><img loading=\"lazy\" decoding=\"async\" width=\"1000\" height=\"562\" src=\"https:\/\/blogdorogeriogomes.com.br\/noticias\/wp-content\/uploads\/2024\/05\/edificio-sao-pedro.jpg\" alt=\"\" class=\"wp-image-32713\" srcset=\"https:\/\/blogdorogeriogomes.com.br\/noticias\/wp-content\/uploads\/2024\/05\/edificio-sao-pedro.jpg 1000w, https:\/\/blogdorogeriogomes.com.br\/noticias\/wp-content\/uploads\/2024\/05\/edificio-sao-pedro-300x169.jpg 300w, https:\/\/blogdorogeriogomes.com.br\/noticias\/wp-content\/uploads\/2024\/05\/edificio-sao-pedro-768x432.jpg 768w, https:\/\/blogdorogeriogomes.com.br\/noticias\/wp-content\/uploads\/2024\/05\/edificio-sao-pedro-800x450.jpg 800w\" sizes=\"auto, (max-width: 1000px) 100vw, 1000px\" \/><\/figure>\n","protected":false},"excerpt":{"rendered":"<p>A Prefeitura de Fortaleza iniciou o processo de retirada de entulhos ap\u00f3s concluir a demoli\u00e7\u00e3o do edif\u00edcio S\u00e3o Pedro, na Praia de Iracema. &#8220;O que est\u00e1 sendo feito agora \u00e9 o servi\u00e7o de carga do material que foi demolido e envio para reciclagem&#8221;, explicou o secret\u00e1rio de Infraestrutura do Munic\u00edpio, Samuel Dias. Parte do material enviado para reciclagem deve ser reaproveitado, inclusive, em obras tocadas pela prefeitura. A obra de demoli\u00e7\u00e3o do edif\u00edcio S\u00e3o Pedro come\u00e7ou em mar\u00e7o, com&hellip;<\/p>\n","protected":false},"author":1,"featured_media":32713,"comment_status":"open","ping_status":"open","sticky":false,"template":"","format":"standard","meta":{"footnotes":""},"categories":[1],"tags":[],"class_list":["post-32712","post","type-post","status-publish","format-standard","has-post-thumbnail","hentry","category-noticias"],"_links":{"self":[{"href":"https:\/\/blogdorogeriogomes.com.br\/noticias\/wp-json\/wp\/v2\/posts\/32712","targetHints":{"allow":["GET"]}}],"collection":[{"href":"https:\/\/blogdorogeriogomes.com.br\/noticias\/wp-json\/wp\/v2\/posts"}],"about":[{"href":"https:\/\/blogdorogeriogomes.com.br\/noticias\/wp-json\/wp\/v2\/types\/post"}],"author":[{"embeddable":true,"href":"https:\/\/blogdorogeriogomes.com.br\/noticias\/wp-json\/wp\/v2\/users\/1"}],"replies":[{"embeddable":true,"href":"https:\/\/blogdorogeriogomes.com.br\/noticias\/wp-json\/wp\/v2\/comments?post=32712"}],"version-history":[{"count":1,"href":"https:\/\/blogdorogeriogomes.com.br\/noticias\/wp-json\/wp\/v2\/posts\/32712\/revisions"}],"predecessor-version":[{"id":32714,"href":"https:\/\/blogdorogeriogomes.com.br\/noticias\/wp-json\/wp\/v2\/posts\/32712\/revisions\/32714"}],"wp:featuredmedia":[{"embeddable":true,"href":"https:\/\/blogdorogeriogomes.com.br\/noticias\/wp-json\/wp\/v2\/media\/32713"}],"wp:attachment":[{"href":"https:\/\/blogdorogeriogomes.com.br\/noticias\/wp-json\/wp\/v2\/media?parent=32712"}],"wp:term":[{"taxonomy":"category","embeddable":true,"href":"https:\/\/blogdorogeriogomes.com.br\/noticias\/wp-json\/wp\/v2\/categories?post=32712"},{"taxonomy":"post_tag","embeddable":true,"href":"https:\/\/blogdorogeriogomes.com.br\/noticias\/wp-json\/wp\/v2\/tags?post=32712"}],"curies":[{"name":"wp","href":"https:\/\/api.w.org\/{rel}","templated":true}]}}