{"id":32715,"date":"2024-05-21T10:12:05","date_gmt":"2024-05-21T10:12:05","guid":{"rendered":"https:\/\/blogdorogeriogomes.com.br\/noticias\/?p=32715"},"modified":"2024-05-21T10:12:06","modified_gmt":"2024-05-21T10:12:06","slug":"izolda-cela-deve-deixar-ministerio-da-educacao-em-junho-para-disputar-prefeitura-de-sobral-segundo-o-psb","status":"publish","type":"post","link":"https:\/\/blogdorogeriogomes.com.br\/noticias\/2024\/05\/izolda-cela-deve-deixar-ministerio-da-educacao-em-junho-para-disputar-prefeitura-de-sobral-segundo-o-psb\/","title":{"rendered":"Izolda Cela deve deixar Minist\u00e9rio da Educa\u00e7\u00e3o em junho para disputar Prefeitura de Sobral, segundo o PSB"},"content":{"rendered":"\n<p>A ex-governadora do Cear\u00e1, Izolda Cela, deve deixar o Minist\u00e9rio da Educa\u00e7\u00e3o, onde ocupa o cargo de secret\u00e1ria executiva, no m\u00eas de junho para disputar a Prefeitura de Sobral. O senador Cid Gomes (PSB) e o prefeito Ivo Gomes (PSB) defendem o nome de Izolda para a sucess\u00e3o no Munic\u00edpio. A informa\u00e7\u00e3o foi confirmada pelo PSB Cear\u00e1. Al\u00e9m de Ivo e Cid, a deputada estadual Lia Gomes (PDT), irm\u00e3 dos dois, tamb\u00e9m j\u00e1 confirmou o desejo de ver Izolda Cela como prefeita do munic\u00edpio da Zona Norte do Cear\u00e1.<\/p>\n\n\n\n<p>O ministro da Educa\u00e7\u00e3o e ex-governador Camilo Santana (PT) declarou em maio que preferia que Izolda Cela permanecesse no Minist\u00e9rio da Educa\u00e7\u00e3o, mas n\u00e3o se op\u00f5e a ideia dela concorrer \u00e0 Prefeitura de Sobral. Izolda tamb\u00e9m j\u00e1 admitiu a possibilidade de participar como candidata no pleito.<\/p>\n\n\n\n<figure class=\"wp-block-image size-full\"><img loading=\"lazy\" decoding=\"async\" width=\"639\" height=\"479\" src=\"https:\/\/blogdorogeriogomes.com.br\/noticias\/wp-content\/uploads\/2024\/05\/images-19.jpeg\" alt=\"\" class=\"wp-image-32716\" srcset=\"https:\/\/blogdorogeriogomes.com.br\/noticias\/wp-content\/uploads\/2024\/05\/images-19.jpeg 639w, https:\/\/blogdorogeriogomes.com.br\/noticias\/wp-content\/uploads\/2024\/05\/images-19-300x225.jpeg 300w, https:\/\/blogdorogeriogomes.com.br\/noticias\/wp-content\/uploads\/2024\/05\/images-19-400x300.jpeg 400w\" sizes=\"auto, (max-width: 639px) 100vw, 639px\" \/><\/figure>\n","protected":false},"excerpt":{"rendered":"<p>A ex-governadora do Cear\u00e1, Izolda Cela, deve deixar o Minist\u00e9rio da Educa\u00e7\u00e3o, onde ocupa o cargo de secret\u00e1ria executiva, no m\u00eas de junho para disputar a Prefeitura de Sobral. O senador Cid Gomes (PSB) e o prefeito Ivo Gomes (PSB) defendem o nome de Izolda para a sucess\u00e3o no Munic\u00edpio. A informa\u00e7\u00e3o foi confirmada pelo PSB Cear\u00e1. Al\u00e9m de Ivo e Cid, a deputada estadual Lia Gomes (PDT), irm\u00e3 dos dois, tamb\u00e9m j\u00e1 confirmou o desejo de ver Izolda&hellip;<\/p>\n","protected":false},"author":1,"featured_media":32716,"comment_status":"open","ping_status":"open","sticky":false,"template":"","format":"standard","meta":{"footnotes":""},"categories":[1],"tags":[],"class_list":["post-32715","post","type-post","status-publish","format-standard","has-post-thumbnail","hentry","category-noticias"],"_links":{"self":[{"href":"https:\/\/blogdorogeriogomes.com.br\/noticias\/wp-json\/wp\/v2\/posts\/32715","targetHints":{"allow":["GET"]}}],"collection":[{"href":"https:\/\/blogdorogeriogomes.com.br\/noticias\/wp-json\/wp\/v2\/posts"}],"about":[{"href":"https:\/\/blogdorogeriogomes.com.br\/noticias\/wp-json\/wp\/v2\/types\/post"}],"author":[{"embeddable":true,"href":"https:\/\/blogdorogeriogomes.com.br\/noticias\/wp-json\/wp\/v2\/users\/1"}],"replies":[{"embeddable":true,"href":"https:\/\/blogdorogeriogomes.com.br\/noticias\/wp-json\/wp\/v2\/comments?post=32715"}],"version-history":[{"count":1,"href":"https:\/\/blogdorogeriogomes.com.br\/noticias\/wp-json\/wp\/v2\/posts\/32715\/revisions"}],"predecessor-version":[{"id":32717,"href":"https:\/\/blogdorogeriogomes.com.br\/noticias\/wp-json\/wp\/v2\/posts\/32715\/revisions\/32717"}],"wp:featuredmedia":[{"embeddable":true,"href":"https:\/\/blogdorogeriogomes.com.br\/noticias\/wp-json\/wp\/v2\/media\/32716"}],"wp:attachment":[{"href":"https:\/\/blogdorogeriogomes.com.br\/noticias\/wp-json\/wp\/v2\/media?parent=32715"}],"wp:term":[{"taxonomy":"category","embeddable":true,"href":"https:\/\/blogdorogeriogomes.com.br\/noticias\/wp-json\/wp\/v2\/categories?post=32715"},{"taxonomy":"post_tag","embeddable":true,"href":"https:\/\/blogdorogeriogomes.com.br\/noticias\/wp-json\/wp\/v2\/tags?post=32715"}],"curies":[{"name":"wp","href":"https:\/\/api.w.org\/{rel}","templated":true}]}}