{"id":32718,"date":"2024-05-21T10:21:23","date_gmt":"2024-05-21T10:21:23","guid":{"rendered":"https:\/\/blogdorogeriogomes.com.br\/noticias\/?p=32718"},"modified":"2024-05-21T10:21:24","modified_gmt":"2024-05-21T10:21:24","slug":"tse-retoma-julgamento-que-pode-cassar-o-ex-juiz-e-senador-sergio-moro-por-abuso-de-poder-economico-nas-eleicoes","status":"publish","type":"post","link":"https:\/\/blogdorogeriogomes.com.br\/noticias\/2024\/05\/tse-retoma-julgamento-que-pode-cassar-o-ex-juiz-e-senador-sergio-moro-por-abuso-de-poder-economico-nas-eleicoes\/","title":{"rendered":"TSE retoma julgamento que pode cassar o ex-juiz e senador Sergio Moro por abuso de poder econ\u00f4mico nas elei\u00e7\u00f5es"},"content":{"rendered":"\n<p>O Tribunal Superior Eleitoral (TSE) retomar\u00e1 nesta ter\u00e7a-feira, dia 21 de maio, o julgamento que pode resultar na cassa\u00e7\u00e3o do mandato do senador Sergio Moro (Uni\u00e3o-PR). A sess\u00e3o ir\u00e1 revisar os recursos apresentados pelas coliga\u00e7\u00f5es de PT e PL contra a decis\u00e3o do Tribunal Regional Eleitoral do Paran\u00e1 (TRE-PR).<\/p>\n\n\n\n<p>O julgamento come\u00e7ar\u00e1 com as sustenta\u00e7\u00f5es orais dos advogados das coliga\u00e7\u00f5es, do representante da Procuradoria-Geral Eleitoral e da defesa de Sergio Moro. Posteriormente, o relator emitir\u00e1 seu voto e os demais ministros apresentar\u00e3o suas considera\u00e7\u00f5es. Na \u00faltima quinta-feira, dia 16, a an\u00e1lise foi suspensa ap\u00f3s a leitura do relat\u00f3rio pelo ministro Floriano Azevedo. O presidente do TSE, Alexandre de Moraes, declarou que a conclus\u00e3o do julgamento est\u00e1 prevista para a sess\u00e3o desta ter\u00e7a-feira.<\/p>\n\n\n\n<p>Sergio Moro enfrenta duas A\u00e7\u00f5es de Investiga\u00e7\u00e3o Judicial Eleitoral, sendo acusado de abuso de poder econ\u00f4mico, abuso de poder pol\u00edtico e uso indevido de meios de comunica\u00e7\u00e3o durante sua pr\u00e9-campanha nas elei\u00e7\u00f5es de 2022. As coliga\u00e7\u00f5es de PT e PL contestam a legalidade das a\u00e7\u00f5es de Moro no per\u00edodo pr\u00e9-eleitoral, argumentando que ele realizou atividades com grande visibilidade e investimentos financeiros significativos, criando uma vantagem desleal sobre os outros candidatos.<\/p>\n\n\n\n<p>Originalmente, Moro se filiou ao Podemos como pr\u00e9-candidato \u00e0 Presid\u00eancia da Rep\u00fablica. Em 2021, ele deixou o partido e se juntou ao Uni\u00e3o Brasil com a inten\u00e7\u00e3o de disputar o cargo de deputado federal por S\u00e3o Paulo. Ap\u00f3s a rejei\u00e7\u00e3o da transfer\u00eancia de seu domic\u00edlio eleitoral, decidiu concorrer ao Senado pelo Paran\u00e1.<\/p>\n\n\n\n<figure class=\"wp-block-image size-full\"><img loading=\"lazy\" decoding=\"async\" width=\"500\" height=\"240\" src=\"https:\/\/blogdorogeriogomes.com.br\/noticias\/wp-content\/uploads\/2024\/05\/20231215101252_a8108929-bf2e-4c40-863e-c7c55d389f3f.webp\" alt=\"\" class=\"wp-image-32719\" srcset=\"https:\/\/blogdorogeriogomes.com.br\/noticias\/wp-content\/uploads\/2024\/05\/20231215101252_a8108929-bf2e-4c40-863e-c7c55d389f3f.webp 500w, https:\/\/blogdorogeriogomes.com.br\/noticias\/wp-content\/uploads\/2024\/05\/20231215101252_a8108929-bf2e-4c40-863e-c7c55d389f3f-300x144.webp 300w\" sizes=\"auto, (max-width: 500px) 100vw, 500px\" \/><\/figure>\n","protected":false},"excerpt":{"rendered":"<p>O Tribunal Superior Eleitoral (TSE) retomar\u00e1 nesta ter\u00e7a-feira, dia 21 de maio, o julgamento que pode resultar na cassa\u00e7\u00e3o do mandato do senador Sergio Moro (Uni\u00e3o-PR). A sess\u00e3o ir\u00e1 revisar os recursos apresentados pelas coliga\u00e7\u00f5es de PT e PL contra a decis\u00e3o do Tribunal Regional Eleitoral do Paran\u00e1 (TRE-PR). O julgamento come\u00e7ar\u00e1 com as sustenta\u00e7\u00f5es orais dos advogados das coliga\u00e7\u00f5es, do representante da Procuradoria-Geral Eleitoral e da defesa de Sergio Moro. Posteriormente, o relator emitir\u00e1 seu voto e os&hellip;<\/p>\n","protected":false},"author":1,"featured_media":32719,"comment_status":"open","ping_status":"open","sticky":false,"template":"","format":"standard","meta":{"footnotes":""},"categories":[1],"tags":[],"class_list":["post-32718","post","type-post","status-publish","format-standard","has-post-thumbnail","hentry","category-noticias"],"_links":{"self":[{"href":"https:\/\/blogdorogeriogomes.com.br\/noticias\/wp-json\/wp\/v2\/posts\/32718","targetHints":{"allow":["GET"]}}],"collection":[{"href":"https:\/\/blogdorogeriogomes.com.br\/noticias\/wp-json\/wp\/v2\/posts"}],"about":[{"href":"https:\/\/blogdorogeriogomes.com.br\/noticias\/wp-json\/wp\/v2\/types\/post"}],"author":[{"embeddable":true,"href":"https:\/\/blogdorogeriogomes.com.br\/noticias\/wp-json\/wp\/v2\/users\/1"}],"replies":[{"embeddable":true,"href":"https:\/\/blogdorogeriogomes.com.br\/noticias\/wp-json\/wp\/v2\/comments?post=32718"}],"version-history":[{"count":1,"href":"https:\/\/blogdorogeriogomes.com.br\/noticias\/wp-json\/wp\/v2\/posts\/32718\/revisions"}],"predecessor-version":[{"id":32720,"href":"https:\/\/blogdorogeriogomes.com.br\/noticias\/wp-json\/wp\/v2\/posts\/32718\/revisions\/32720"}],"wp:featuredmedia":[{"embeddable":true,"href":"https:\/\/blogdorogeriogomes.com.br\/noticias\/wp-json\/wp\/v2\/media\/32719"}],"wp:attachment":[{"href":"https:\/\/blogdorogeriogomes.com.br\/noticias\/wp-json\/wp\/v2\/media?parent=32718"}],"wp:term":[{"taxonomy":"category","embeddable":true,"href":"https:\/\/blogdorogeriogomes.com.br\/noticias\/wp-json\/wp\/v2\/categories?post=32718"},{"taxonomy":"post_tag","embeddable":true,"href":"https:\/\/blogdorogeriogomes.com.br\/noticias\/wp-json\/wp\/v2\/tags?post=32718"}],"curies":[{"name":"wp","href":"https:\/\/api.w.org\/{rel}","templated":true}]}}