{"id":32721,"date":"2024-05-21T10:36:45","date_gmt":"2024-05-21T10:36:45","guid":{"rendered":"https:\/\/blogdorogeriogomes.com.br\/noticias\/?p=32721"},"modified":"2024-05-21T10:36:46","modified_gmt":"2024-05-21T10:36:46","slug":"governo-federal-anuncia-isencao-do-enem-para-candidatos-do-rio-grande-do-sul","status":"publish","type":"post","link":"https:\/\/blogdorogeriogomes.com.br\/noticias\/2024\/05\/governo-federal-anuncia-isencao-do-enem-para-candidatos-do-rio-grande-do-sul\/","title":{"rendered":"Governo Federal anuncia isen\u00e7\u00e3o do Enem para candidatos do Rio Grande do Sul."},"content":{"rendered":"\n<p>O ministro da Educa\u00e7\u00e3o, Camilo Santana (PT) anunciou nesta segunda-feira, dia 20 de maio, que moradores do Rio Grande do Sul ter\u00e3o um prazo extra para inscri\u00e7\u00e3o e isen\u00e7\u00e3o da taxa no Exame Nacional do Ensino M\u00e9dio (Enem) 2024. Durante coletiva de imprensa, o ministro da Educa\u00e7\u00e3o revelou que haver\u00e1 um novo calend\u00e1rio para os afetados na trag\u00e9dia que acomete o estado.<br><\/p>\n\n\n\n<p>O valor de inscri\u00e7\u00e3o no Enem \u00e9 de R$ 85 e o per\u00edodo de inscri\u00e7\u00e3o para o restante do Brasil ocorre entre 27 de maio e 7 de junho. As avalia\u00e7\u00f5es ocorrem em 3 e 10 de novembro.<\/p>\n\n\n\n<p><br>O Governo Federal tamb\u00e9m zerou a tarifa de importa\u00e7\u00e3o de arroz para garantir abastecimento no Pa\u00eds devido \u00e0s enchentes no Rio Grande do Sul. A medida pretende reduzir as consequ\u00eancias econ\u00f4micas e sociais dos eventos clim\u00e1ticos extremos no estado do Sul.<\/p>\n\n\n\n<figure class=\"wp-block-image size-full\"><img loading=\"lazy\" decoding=\"async\" width=\"737\" height=\"416\" src=\"https:\/\/blogdorogeriogomes.com.br\/noticias\/wp-content\/uploads\/2024\/05\/images-20.jpeg\" alt=\"\" class=\"wp-image-32722\" srcset=\"https:\/\/blogdorogeriogomes.com.br\/noticias\/wp-content\/uploads\/2024\/05\/images-20.jpeg 737w, https:\/\/blogdorogeriogomes.com.br\/noticias\/wp-content\/uploads\/2024\/05\/images-20-300x169.jpeg 300w\" sizes=\"auto, (max-width: 737px) 100vw, 737px\" \/><\/figure>\n","protected":false},"excerpt":{"rendered":"<p>O ministro da Educa\u00e7\u00e3o, Camilo Santana (PT) anunciou nesta segunda-feira, dia 20 de maio, que moradores do Rio Grande do Sul ter\u00e3o um prazo extra para inscri\u00e7\u00e3o e isen\u00e7\u00e3o da taxa no Exame Nacional do Ensino M\u00e9dio (Enem) 2024. Durante coletiva de imprensa, o ministro da Educa\u00e7\u00e3o revelou que haver\u00e1 um novo calend\u00e1rio para os afetados na trag\u00e9dia que acomete o estado. O valor de inscri\u00e7\u00e3o no Enem \u00e9 de R$ 85 e o per\u00edodo de inscri\u00e7\u00e3o para o&hellip;<\/p>\n","protected":false},"author":1,"featured_media":32722,"comment_status":"open","ping_status":"open","sticky":false,"template":"","format":"standard","meta":{"footnotes":""},"categories":[1],"tags":[],"class_list":["post-32721","post","type-post","status-publish","format-standard","has-post-thumbnail","hentry","category-noticias"],"_links":{"self":[{"href":"https:\/\/blogdorogeriogomes.com.br\/noticias\/wp-json\/wp\/v2\/posts\/32721","targetHints":{"allow":["GET"]}}],"collection":[{"href":"https:\/\/blogdorogeriogomes.com.br\/noticias\/wp-json\/wp\/v2\/posts"}],"about":[{"href":"https:\/\/blogdorogeriogomes.com.br\/noticias\/wp-json\/wp\/v2\/types\/post"}],"author":[{"embeddable":true,"href":"https:\/\/blogdorogeriogomes.com.br\/noticias\/wp-json\/wp\/v2\/users\/1"}],"replies":[{"embeddable":true,"href":"https:\/\/blogdorogeriogomes.com.br\/noticias\/wp-json\/wp\/v2\/comments?post=32721"}],"version-history":[{"count":1,"href":"https:\/\/blogdorogeriogomes.com.br\/noticias\/wp-json\/wp\/v2\/posts\/32721\/revisions"}],"predecessor-version":[{"id":32723,"href":"https:\/\/blogdorogeriogomes.com.br\/noticias\/wp-json\/wp\/v2\/posts\/32721\/revisions\/32723"}],"wp:featuredmedia":[{"embeddable":true,"href":"https:\/\/blogdorogeriogomes.com.br\/noticias\/wp-json\/wp\/v2\/media\/32722"}],"wp:attachment":[{"href":"https:\/\/blogdorogeriogomes.com.br\/noticias\/wp-json\/wp\/v2\/media?parent=32721"}],"wp:term":[{"taxonomy":"category","embeddable":true,"href":"https:\/\/blogdorogeriogomes.com.br\/noticias\/wp-json\/wp\/v2\/categories?post=32721"},{"taxonomy":"post_tag","embeddable":true,"href":"https:\/\/blogdorogeriogomes.com.br\/noticias\/wp-json\/wp\/v2\/tags?post=32721"}],"curies":[{"name":"wp","href":"https:\/\/api.w.org\/{rel}","templated":true}]}}