{"id":32724,"date":"2024-05-22T10:09:48","date_gmt":"2024-05-22T10:09:48","guid":{"rendered":"https:\/\/blogdorogeriogomes.com.br\/noticias\/?p=32724"},"modified":"2024-05-22T10:09:49","modified_gmt":"2024-05-22T10:09:49","slug":"marcha-dos-prefeitos-em-brasilia-tem-anuncio-de-lula-sobre-renegociacao-de-dividas-previdenciarias-e-nova-forma-de-pagamento-de-precatorios","status":"publish","type":"post","link":"https:\/\/blogdorogeriogomes.com.br\/noticias\/2024\/05\/marcha-dos-prefeitos-em-brasilia-tem-anuncio-de-lula-sobre-renegociacao-de-dividas-previdenciarias-e-nova-forma-de-pagamento-de-precatorios\/","title":{"rendered":"Marcha dos Prefeitos em Bras\u00edlia tem an\u00fancio de Lula sobre renegocia\u00e7\u00e3o de d\u00edvidas previdenci\u00e1rias e nova forma de pagamento de precat\u00f3rios"},"content":{"rendered":"\n<p>O presidente Luiz In\u00e1cio\u00a0Lula\u00a0da Silva (PT) anunciou a renegocia\u00e7\u00e3o de d\u00edvidas previdenci\u00e1rias dos munic\u00edpios e pediu que as elei\u00e7\u00f5es municipais deste ano n\u00e3o causem a perda da civilidade entre advers\u00e1rios. As declara\u00e7\u00f5es foram na abertura da 25\u00aa edi\u00e7\u00e3o da Marcha a Bras\u00edlia em Defesa dos Munic\u00edpios. Os presidentes da C\u00e2mara, Arthur Lira, e do Senado,\u00a0Rodrigo Pacheco, e o vice-presidente, Geraldo Alckmin, tamb\u00e9m estiveram na cerim\u00f4nia.<\/p>\n\n\n\n<p>Conhecido como &#8220;Marcha dos Prefeitos&#8221;, o evento \u00e9 organizado pela Confedera\u00e7\u00e3o Nacional de Munic\u00edpios (CNM), que tem expectativa de receber mais de 10 mil gestores at\u00e9 esta quinta-feira, dia 23 de maio. Lula atendeu pedido da CNM e anunciou, al\u00e9m da renegocia\u00e7\u00e3o das d\u00edvidas previdenci\u00e1rias, a cria\u00e7\u00e3o de novas regras para pagamento de precat\u00f3rios.<\/p>\n\n\n\n<p>O Cear\u00e1 esteve presente com o presidente da Associa\u00e7\u00e3o dos Munic\u00edpios do Cear\u00e1, J\u00fanior Castro, e v\u00e1rios prefeitos do interior que foram \u00e0 Capital Federal para o encontro.<\/p>\n\n\n\n<figure class=\"wp-block-image size-large\"><img loading=\"lazy\" decoding=\"async\" width=\"1024\" height=\"604\" src=\"https:\/\/blogdorogeriogomes.com.br\/noticias\/wp-content\/uploads\/2024\/05\/IMG-20240522-WA0011-1024x604.jpg\" alt=\"\" class=\"wp-image-32725\" srcset=\"https:\/\/blogdorogeriogomes.com.br\/noticias\/wp-content\/uploads\/2024\/05\/IMG-20240522-WA0011-1024x604.jpg 1024w, https:\/\/blogdorogeriogomes.com.br\/noticias\/wp-content\/uploads\/2024\/05\/IMG-20240522-WA0011-300x177.jpg 300w, https:\/\/blogdorogeriogomes.com.br\/noticias\/wp-content\/uploads\/2024\/05\/IMG-20240522-WA0011-768x453.jpg 768w, https:\/\/blogdorogeriogomes.com.br\/noticias\/wp-content\/uploads\/2024\/05\/IMG-20240522-WA0011-800x472.jpg 800w, https:\/\/blogdorogeriogomes.com.br\/noticias\/wp-content\/uploads\/2024\/05\/IMG-20240522-WA0011.jpg 1080w\" sizes=\"auto, (max-width: 1024px) 100vw, 1024px\" \/><\/figure>\n","protected":false},"excerpt":{"rendered":"<p>O presidente Luiz In\u00e1cio\u00a0Lula\u00a0da Silva (PT) anunciou a renegocia\u00e7\u00e3o de d\u00edvidas previdenci\u00e1rias dos munic\u00edpios e pediu que as elei\u00e7\u00f5es municipais deste ano n\u00e3o causem a perda da civilidade entre advers\u00e1rios. As declara\u00e7\u00f5es foram na abertura da 25\u00aa edi\u00e7\u00e3o da Marcha a Bras\u00edlia em Defesa dos Munic\u00edpios. Os presidentes da C\u00e2mara, Arthur Lira, e do Senado,\u00a0Rodrigo Pacheco, e o vice-presidente, Geraldo Alckmin, tamb\u00e9m estiveram na cerim\u00f4nia. Conhecido como &#8220;Marcha dos Prefeitos&#8221;, o evento \u00e9 organizado pela Confedera\u00e7\u00e3o Nacional de Munic\u00edpios&hellip;<\/p>\n","protected":false},"author":1,"featured_media":32725,"comment_status":"open","ping_status":"open","sticky":false,"template":"","format":"standard","meta":{"footnotes":""},"categories":[1],"tags":[],"class_list":["post-32724","post","type-post","status-publish","format-standard","has-post-thumbnail","hentry","category-noticias"],"_links":{"self":[{"href":"https:\/\/blogdorogeriogomes.com.br\/noticias\/wp-json\/wp\/v2\/posts\/32724","targetHints":{"allow":["GET"]}}],"collection":[{"href":"https:\/\/blogdorogeriogomes.com.br\/noticias\/wp-json\/wp\/v2\/posts"}],"about":[{"href":"https:\/\/blogdorogeriogomes.com.br\/noticias\/wp-json\/wp\/v2\/types\/post"}],"author":[{"embeddable":true,"href":"https:\/\/blogdorogeriogomes.com.br\/noticias\/wp-json\/wp\/v2\/users\/1"}],"replies":[{"embeddable":true,"href":"https:\/\/blogdorogeriogomes.com.br\/noticias\/wp-json\/wp\/v2\/comments?post=32724"}],"version-history":[{"count":1,"href":"https:\/\/blogdorogeriogomes.com.br\/noticias\/wp-json\/wp\/v2\/posts\/32724\/revisions"}],"predecessor-version":[{"id":32726,"href":"https:\/\/blogdorogeriogomes.com.br\/noticias\/wp-json\/wp\/v2\/posts\/32724\/revisions\/32726"}],"wp:featuredmedia":[{"embeddable":true,"href":"https:\/\/blogdorogeriogomes.com.br\/noticias\/wp-json\/wp\/v2\/media\/32725"}],"wp:attachment":[{"href":"https:\/\/blogdorogeriogomes.com.br\/noticias\/wp-json\/wp\/v2\/media?parent=32724"}],"wp:term":[{"taxonomy":"category","embeddable":true,"href":"https:\/\/blogdorogeriogomes.com.br\/noticias\/wp-json\/wp\/v2\/categories?post=32724"},{"taxonomy":"post_tag","embeddable":true,"href":"https:\/\/blogdorogeriogomes.com.br\/noticias\/wp-json\/wp\/v2\/tags?post=32724"}],"curies":[{"name":"wp","href":"https:\/\/api.w.org\/{rel}","templated":true}]}}