{"id":32733,"date":"2024-05-22T10:41:34","date_gmt":"2024-05-22T10:41:34","guid":{"rendered":"https:\/\/blogdorogeriogomes.com.br\/noticias\/?p=32733"},"modified":"2024-05-22T10:41:35","modified_gmt":"2024-05-22T10:41:35","slug":"cbf-confirma-volta-do-brasileirao-para-1-de-junho-ideia-de-nao-rebaixamento-este-ano-nao-emplacou-nem-entre-os-times-gauchos","status":"publish","type":"post","link":"https:\/\/blogdorogeriogomes.com.br\/noticias\/2024\/05\/cbf-confirma-volta-do-brasileirao-para-1-de-junho-ideia-de-nao-rebaixamento-este-ano-nao-emplacou-nem-entre-os-times-gauchos\/","title":{"rendered":"CBF confirma volta do Brasileir\u00e3o para 1\u00b0 de junho. Ideia de n\u00e3o rebaixamento este ano n\u00e3o emplacou nem entre os times ga\u00fachos"},"content":{"rendered":"\n<p>A CBF confirmou nesta ter\u00e7a-feira, dia 21 de maio, que o Brasileir\u00e3o vai voltar a partir de 1\u00ba de junho. A decis\u00e3o da entidade \u00e9 manter a ordem dos jogos de acordo com as rodadas inicialmente programadas. Ou seja, os pr\u00f3ximos jogos a serem disputados ser\u00e3o os da s\u00e9tima rodada, quando houve a paralisa\u00e7\u00e3o provocada pelas cheias no Rio Grande do Sul, o que estava dificultando a participa\u00e7\u00e3o dos times ga\u00fachos na competi\u00e7\u00e3o.<\/p>\n\n\n\n<p>A sugest\u00e3o do treinador Renato Ga\u00facho de um Brasileir\u00e3o sem rebaixamento este ano n\u00e3o emplacou entre os clubes do Rio Grande do Sul e na CBF. No momento, \u00e9 um cen\u00e1rio irreal, mesmo no que Gr\u00eamio, Internacional e Juventude t\u00eam em mente para o conselho t\u00e9cnico da S\u00e9rie A, na segunda-feira, dia 27. Por enquanto, as equipes v\u00e3o disputar as partidas da S\u00e9rie A em estados vizinhos.<br><\/p>\n\n\n\n<figure class=\"wp-block-image size-full\"><img loading=\"lazy\" decoding=\"async\" width=\"640\" height=\"480\" src=\"https:\/\/blogdorogeriogomes.com.br\/noticias\/wp-content\/uploads\/2024\/05\/images-21.jpeg\" alt=\"\" class=\"wp-image-32734\" srcset=\"https:\/\/blogdorogeriogomes.com.br\/noticias\/wp-content\/uploads\/2024\/05\/images-21.jpeg 640w, https:\/\/blogdorogeriogomes.com.br\/noticias\/wp-content\/uploads\/2024\/05\/images-21-300x225.jpeg 300w, https:\/\/blogdorogeriogomes.com.br\/noticias\/wp-content\/uploads\/2024\/05\/images-21-400x300.jpeg 400w\" sizes=\"auto, (max-width: 640px) 100vw, 640px\" \/><\/figure>\n\n\n\n<p><br><\/p>\n","protected":false},"excerpt":{"rendered":"<p>A CBF confirmou nesta ter\u00e7a-feira, dia 21 de maio, que o Brasileir\u00e3o vai voltar a partir de 1\u00ba de junho. A decis\u00e3o da entidade \u00e9 manter a ordem dos jogos de acordo com as rodadas inicialmente programadas. Ou seja, os pr\u00f3ximos jogos a serem disputados ser\u00e3o os da s\u00e9tima rodada, quando houve a paralisa\u00e7\u00e3o provocada pelas cheias no Rio Grande do Sul, o que estava dificultando a participa\u00e7\u00e3o dos times ga\u00fachos na competi\u00e7\u00e3o. A sugest\u00e3o do treinador Renato Ga\u00facho&hellip;<\/p>\n","protected":false},"author":1,"featured_media":32734,"comment_status":"open","ping_status":"open","sticky":false,"template":"","format":"standard","meta":{"footnotes":""},"categories":[1],"tags":[],"class_list":["post-32733","post","type-post","status-publish","format-standard","has-post-thumbnail","hentry","category-noticias"],"_links":{"self":[{"href":"https:\/\/blogdorogeriogomes.com.br\/noticias\/wp-json\/wp\/v2\/posts\/32733","targetHints":{"allow":["GET"]}}],"collection":[{"href":"https:\/\/blogdorogeriogomes.com.br\/noticias\/wp-json\/wp\/v2\/posts"}],"about":[{"href":"https:\/\/blogdorogeriogomes.com.br\/noticias\/wp-json\/wp\/v2\/types\/post"}],"author":[{"embeddable":true,"href":"https:\/\/blogdorogeriogomes.com.br\/noticias\/wp-json\/wp\/v2\/users\/1"}],"replies":[{"embeddable":true,"href":"https:\/\/blogdorogeriogomes.com.br\/noticias\/wp-json\/wp\/v2\/comments?post=32733"}],"version-history":[{"count":1,"href":"https:\/\/blogdorogeriogomes.com.br\/noticias\/wp-json\/wp\/v2\/posts\/32733\/revisions"}],"predecessor-version":[{"id":32735,"href":"https:\/\/blogdorogeriogomes.com.br\/noticias\/wp-json\/wp\/v2\/posts\/32733\/revisions\/32735"}],"wp:featuredmedia":[{"embeddable":true,"href":"https:\/\/blogdorogeriogomes.com.br\/noticias\/wp-json\/wp\/v2\/media\/32734"}],"wp:attachment":[{"href":"https:\/\/blogdorogeriogomes.com.br\/noticias\/wp-json\/wp\/v2\/media?parent=32733"}],"wp:term":[{"taxonomy":"category","embeddable":true,"href":"https:\/\/blogdorogeriogomes.com.br\/noticias\/wp-json\/wp\/v2\/categories?post=32733"},{"taxonomy":"post_tag","embeddable":true,"href":"https:\/\/blogdorogeriogomes.com.br\/noticias\/wp-json\/wp\/v2\/tags?post=32733"}],"curies":[{"name":"wp","href":"https:\/\/api.w.org\/{rel}","templated":true}]}}