{"id":32736,"date":"2024-05-22T10:56:29","date_gmt":"2024-05-22T10:56:29","guid":{"rendered":"https:\/\/blogdorogeriogomes.com.br\/noticias\/?p=32736"},"modified":"2024-05-22T10:56:29","modified_gmt":"2024-05-22T10:56:29","slug":"paises-europeus-reconhecem-estado-da-palestina-e-israel-retira-diplomatas","status":"publish","type":"post","link":"https:\/\/blogdorogeriogomes.com.br\/noticias\/2024\/05\/paises-europeus-reconhecem-estado-da-palestina-e-israel-retira-diplomatas\/","title":{"rendered":"Pa\u00edses europeus reconhecem Estado da Palestina e Israel retira diplomatas"},"content":{"rendered":"\n<p>Num gesto coordenado e politicamente de grande impacto, os governos da Irlanda, Noruega e da Espanha anunciam nesta manh\u00e3 o reconhecimento unilateral da independ\u00eancia e soberania do Estado palestino. A medida coloca ainda mais press\u00e3o sobre o governo de Benjamin Netanyahu que, no in\u00edcio da semana, foi informado da decis\u00e3o da procuradoria do Tribunal Penal Internacional de que pediu aos ju\u00edzes que considerem uma ordem internacional de pris\u00e3o contra ele por crimes de guerra e crimes contra a humanidade, em Gaza.<\/p>\n\n\n\n<p>No G7, nenhum governo reconhece a Palestina. Mas a esperan\u00e7a de Madri, Dublin e Oslo \u00e9 que o gesto seja seguido por outros pa\u00edses europeus e que coloque press\u00e3o ao aliado americano a rever sua posi\u00e7\u00e3o. No Velho Continente, apenas nove pa\u00edses adotam tal postura. Em 2014, a Su\u00e9cia havia sido o \u00fanico pa\u00eds europeu na hist\u00f3ria a reconhecer a Palestina, enquanto j\u00e1 era parte da UE. <\/p>\n\n\n\n<figure class=\"wp-block-image size-full\"><img loading=\"lazy\" decoding=\"async\" width=\"900\" height=\"506\" src=\"https:\/\/blogdorogeriogomes.com.br\/noticias\/wp-content\/uploads\/2024\/05\/18out2023-menino-agita-bandeira-palestina-enquanto-maanifestantes-enfrentam-soldados-israelenses-durante-um-protesto-em-ramallah-na-cisjordania-1697642218679_v2_900x506.jpg.webp\" alt=\"\" class=\"wp-image-32737\" srcset=\"https:\/\/blogdorogeriogomes.com.br\/noticias\/wp-content\/uploads\/2024\/05\/18out2023-menino-agita-bandeira-palestina-enquanto-maanifestantes-enfrentam-soldados-israelenses-durante-um-protesto-em-ramallah-na-cisjordania-1697642218679_v2_900x506.jpg.webp 900w, https:\/\/blogdorogeriogomes.com.br\/noticias\/wp-content\/uploads\/2024\/05\/18out2023-menino-agita-bandeira-palestina-enquanto-maanifestantes-enfrentam-soldados-israelenses-durante-um-protesto-em-ramallah-na-cisjordania-1697642218679_v2_900x506.jpg-300x169.webp 300w, https:\/\/blogdorogeriogomes.com.br\/noticias\/wp-content\/uploads\/2024\/05\/18out2023-menino-agita-bandeira-palestina-enquanto-maanifestantes-enfrentam-soldados-israelenses-durante-um-protesto-em-ramallah-na-cisjordania-1697642218679_v2_900x506.jpg-768x432.webp 768w, https:\/\/blogdorogeriogomes.com.br\/noticias\/wp-content\/uploads\/2024\/05\/18out2023-menino-agita-bandeira-palestina-enquanto-maanifestantes-enfrentam-soldados-israelenses-durante-um-protesto-em-ramallah-na-cisjordania-1697642218679_v2_900x506.jpg-800x450.webp 800w\" sizes=\"auto, (max-width: 900px) 100vw, 900px\" \/><\/figure>\n\n\n\n<p><\/p>\n\n\n\n<p><\/p>\n\n\n\n<p><\/p>\n\n\n\n<p><\/p>\n\n\n\n<p><\/p>\n\n\n\n<p><\/p>\n\n\n\n<p><\/p>\n\n\n\n<p><\/p>\n\n\n\n<p><\/p>\n\n\n\n<p><\/p>\n\n\n\n<p><\/p>\n\n\n\n<p><\/p>\n\n\n\n<p><\/p>\n\n\n\n<p><\/p>\n\n\n\n<p><\/p>\n\n\n\n<p><\/p>\n\n\n\n<p><\/p>\n\n\n\n<p><\/p>\n\n\n\n<p><\/p>\n\n\n\n<p><\/p>\n\n\n\n<p><br><\/p>\n","protected":false},"excerpt":{"rendered":"<p>Num gesto coordenado e politicamente de grande impacto, os governos da Irlanda, Noruega e da Espanha anunciam nesta manh\u00e3 o reconhecimento unilateral da independ\u00eancia e soberania do Estado palestino. A medida coloca ainda mais press\u00e3o sobre o governo de Benjamin Netanyahu que, no in\u00edcio da semana, foi informado da decis\u00e3o da procuradoria do Tribunal Penal Internacional de que pediu aos ju\u00edzes que considerem uma ordem internacional de pris\u00e3o contra ele por crimes de guerra e crimes contra a humanidade,&hellip;<\/p>\n","protected":false},"author":1,"featured_media":32737,"comment_status":"open","ping_status":"open","sticky":false,"template":"","format":"standard","meta":{"footnotes":""},"categories":[1],"tags":[],"class_list":["post-32736","post","type-post","status-publish","format-standard","has-post-thumbnail","hentry","category-noticias"],"_links":{"self":[{"href":"https:\/\/blogdorogeriogomes.com.br\/noticias\/wp-json\/wp\/v2\/posts\/32736","targetHints":{"allow":["GET"]}}],"collection":[{"href":"https:\/\/blogdorogeriogomes.com.br\/noticias\/wp-json\/wp\/v2\/posts"}],"about":[{"href":"https:\/\/blogdorogeriogomes.com.br\/noticias\/wp-json\/wp\/v2\/types\/post"}],"author":[{"embeddable":true,"href":"https:\/\/blogdorogeriogomes.com.br\/noticias\/wp-json\/wp\/v2\/users\/1"}],"replies":[{"embeddable":true,"href":"https:\/\/blogdorogeriogomes.com.br\/noticias\/wp-json\/wp\/v2\/comments?post=32736"}],"version-history":[{"count":1,"href":"https:\/\/blogdorogeriogomes.com.br\/noticias\/wp-json\/wp\/v2\/posts\/32736\/revisions"}],"predecessor-version":[{"id":32738,"href":"https:\/\/blogdorogeriogomes.com.br\/noticias\/wp-json\/wp\/v2\/posts\/32736\/revisions\/32738"}],"wp:featuredmedia":[{"embeddable":true,"href":"https:\/\/blogdorogeriogomes.com.br\/noticias\/wp-json\/wp\/v2\/media\/32737"}],"wp:attachment":[{"href":"https:\/\/blogdorogeriogomes.com.br\/noticias\/wp-json\/wp\/v2\/media?parent=32736"}],"wp:term":[{"taxonomy":"category","embeddable":true,"href":"https:\/\/blogdorogeriogomes.com.br\/noticias\/wp-json\/wp\/v2\/categories?post=32736"},{"taxonomy":"post_tag","embeddable":true,"href":"https:\/\/blogdorogeriogomes.com.br\/noticias\/wp-json\/wp\/v2\/tags?post=32736"}],"curies":[{"name":"wp","href":"https:\/\/api.w.org\/{rel}","templated":true}]}}