{"id":32742,"date":"2024-05-22T14:58:55","date_gmt":"2024-05-22T14:58:55","guid":{"rendered":"https:\/\/blogdorogeriogomes.com.br\/noticias\/?p=32742"},"modified":"2024-05-22T14:58:55","modified_gmt":"2024-05-22T14:58:55","slug":"fortal-2024-nao-sera-mais-na-area-do-aeroporto-e-retorna-para-local-antigo-no-bairro-manoel-dias-branco","status":"publish","type":"post","link":"https:\/\/blogdorogeriogomes.com.br\/noticias\/2024\/05\/fortal-2024-nao-sera-mais-na-area-do-aeroporto-e-retorna-para-local-antigo-no-bairro-manoel-dias-branco\/","title":{"rendered":"Fortal 2024 n\u00e3o ser\u00e1 mais na \u00e1rea do Aeroporto e retorna para local antigo no bairro Manoel Dias Branco"},"content":{"rendered":"\n<p>Em live realizada nesta quarta-feira, dia 22 de maio, ao lado dos organizadores do Fortal, o governador Elmano de Freitas (PT) confirmou que a edi\u00e7\u00e3o 2024 da festa retornar\u00e1 ao antigo local da edi\u00e7\u00e3o do ano passado, na Cidade Fortal situada no bairro Manoel Dias Branco, em Fortaleza. A decis\u00e3o foi tomada ap\u00f3s intermedia\u00e7\u00e3o com a fam\u00edlia Dias Branco, dona do terreno. O Fortal 2024 est\u00e1 programado para o per\u00edodo entre 18 e 21 de julho.<\/p>\n\n\n\n<p>Neste ano, a tradicional folia estava prevista para ser realizada em um terreno pr\u00f3ximo ao Aeroporto Internacional Pinto Martins, na Serrinha. A escolha do local vinha sendo questionada por ambientalistas, que alegavam problemas de desmatamento da vegeta\u00e7\u00e3o. O Ibama j\u00e1 tinha, inclusive, embargado os servi\u00e7os de limpeza no local.<\/p>\n\n\n\n<figure class=\"wp-block-image size-full\"><img loading=\"lazy\" decoding=\"async\" width=\"739\" height=\"415\" src=\"https:\/\/blogdorogeriogomes.com.br\/noticias\/wp-content\/uploads\/2024\/05\/images-22.jpeg\" alt=\"\" class=\"wp-image-32743\" srcset=\"https:\/\/blogdorogeriogomes.com.br\/noticias\/wp-content\/uploads\/2024\/05\/images-22.jpeg 739w, https:\/\/blogdorogeriogomes.com.br\/noticias\/wp-content\/uploads\/2024\/05\/images-22-300x168.jpeg 300w\" sizes=\"auto, (max-width: 739px) 100vw, 739px\" \/><\/figure>\n","protected":false},"excerpt":{"rendered":"<p>Em live realizada nesta quarta-feira, dia 22 de maio, ao lado dos organizadores do Fortal, o governador Elmano de Freitas (PT) confirmou que a edi\u00e7\u00e3o 2024 da festa retornar\u00e1 ao antigo local da edi\u00e7\u00e3o do ano passado, na Cidade Fortal situada no bairro Manoel Dias Branco, em Fortaleza. A decis\u00e3o foi tomada ap\u00f3s intermedia\u00e7\u00e3o com a fam\u00edlia Dias Branco, dona do terreno. O Fortal 2024 est\u00e1 programado para o per\u00edodo entre 18 e 21 de julho. Neste ano, a&hellip;<\/p>\n","protected":false},"author":1,"featured_media":32743,"comment_status":"open","ping_status":"open","sticky":false,"template":"","format":"standard","meta":{"footnotes":""},"categories":[1],"tags":[],"class_list":["post-32742","post","type-post","status-publish","format-standard","has-post-thumbnail","hentry","category-noticias"],"_links":{"self":[{"href":"https:\/\/blogdorogeriogomes.com.br\/noticias\/wp-json\/wp\/v2\/posts\/32742","targetHints":{"allow":["GET"]}}],"collection":[{"href":"https:\/\/blogdorogeriogomes.com.br\/noticias\/wp-json\/wp\/v2\/posts"}],"about":[{"href":"https:\/\/blogdorogeriogomes.com.br\/noticias\/wp-json\/wp\/v2\/types\/post"}],"author":[{"embeddable":true,"href":"https:\/\/blogdorogeriogomes.com.br\/noticias\/wp-json\/wp\/v2\/users\/1"}],"replies":[{"embeddable":true,"href":"https:\/\/blogdorogeriogomes.com.br\/noticias\/wp-json\/wp\/v2\/comments?post=32742"}],"version-history":[{"count":1,"href":"https:\/\/blogdorogeriogomes.com.br\/noticias\/wp-json\/wp\/v2\/posts\/32742\/revisions"}],"predecessor-version":[{"id":32744,"href":"https:\/\/blogdorogeriogomes.com.br\/noticias\/wp-json\/wp\/v2\/posts\/32742\/revisions\/32744"}],"wp:featuredmedia":[{"embeddable":true,"href":"https:\/\/blogdorogeriogomes.com.br\/noticias\/wp-json\/wp\/v2\/media\/32743"}],"wp:attachment":[{"href":"https:\/\/blogdorogeriogomes.com.br\/noticias\/wp-json\/wp\/v2\/media?parent=32742"}],"wp:term":[{"taxonomy":"category","embeddable":true,"href":"https:\/\/blogdorogeriogomes.com.br\/noticias\/wp-json\/wp\/v2\/categories?post=32742"},{"taxonomy":"post_tag","embeddable":true,"href":"https:\/\/blogdorogeriogomes.com.br\/noticias\/wp-json\/wp\/v2\/tags?post=32742"}],"curies":[{"name":"wp","href":"https:\/\/api.w.org\/{rel}","templated":true}]}}