{"id":32745,"date":"2024-05-23T10:13:51","date_gmt":"2024-05-23T10:13:51","guid":{"rendered":"https:\/\/blogdorogeriogomes.com.br\/noticias\/?p=32745"},"modified":"2024-05-23T10:13:52","modified_gmt":"2024-05-23T10:13:52","slug":"prefeitura-de-fortaleza-intensifica-operacao-asfalto-para-diminuir-buracos-em-ruas-e-avenidas-da-capital","status":"publish","type":"post","link":"https:\/\/blogdorogeriogomes.com.br\/noticias\/2024\/05\/prefeitura-de-fortaleza-intensifica-operacao-asfalto-para-diminuir-buracos-em-ruas-e-avenidas-da-capital\/","title":{"rendered":"Prefeitura de Fortaleza intensifica Opera\u00e7\u00e3o Asfalto para diminuir buracos em ruas e avenidas da Capital"},"content":{"rendered":"\n<p>A Prefeitura de Fortaleza intensifica a Opera\u00e7\u00e3o Asfalto para recuperar cerca de 1.200 ruas e avenidas da Capital, castigadas pela quadra chuvosa. O plano \u00e9 composto por a\u00e7\u00f5es de pavimenta\u00e7\u00e3o, sinaliza\u00e7\u00e3o, ilumina\u00e7\u00e3o e zeladoria, que ser\u00e3o executadas em todas as 12 Regionais.<\/p>\n\n\n\n<p>A opera\u00e7\u00e3o far\u00e1 a recupera\u00e7\u00e3o de 225 km de via, entre servi\u00e7os de reparo e recapeamento total de ruas e avenidas. A a\u00e7\u00e3o, realizada pelas secretarias da Gest\u00e3o Regional, Conserva\u00e7\u00e3o e Servi\u00e7os P\u00fablicos e a Autarquia Municipal de Tr\u00e2nsito e Cidadania, vai reunir mais de 900 agentes na execu\u00e7\u00e3o dos servi\u00e7os.<\/p>\n\n\n\n<p>Os servi\u00e7os de pavimenta\u00e7\u00e3o v\u00e3o beneficiar as vias de intenso fluxo de ve\u00edculos e circula\u00e7\u00e3o de transporte coletivo.\u00a0Para a execu\u00e7\u00e3o dos reparos ser\u00e3o destinadas 20 equipes que atuar\u00e3o diariamente em todas as Regionais.<\/p>\n\n\n\n<figure class=\"wp-block-image size-full\"><img loading=\"lazy\" decoding=\"async\" width=\"723\" height=\"424\" src=\"https:\/\/blogdorogeriogomes.com.br\/noticias\/wp-content\/uploads\/2024\/05\/images-23.jpeg\" alt=\"\" class=\"wp-image-32746\" srcset=\"https:\/\/blogdorogeriogomes.com.br\/noticias\/wp-content\/uploads\/2024\/05\/images-23.jpeg 723w, https:\/\/blogdorogeriogomes.com.br\/noticias\/wp-content\/uploads\/2024\/05\/images-23-300x176.jpeg 300w\" sizes=\"auto, (max-width: 723px) 100vw, 723px\" \/><\/figure>\n","protected":false},"excerpt":{"rendered":"<p>A Prefeitura de Fortaleza intensifica a Opera\u00e7\u00e3o Asfalto para recuperar cerca de 1.200 ruas e avenidas da Capital, castigadas pela quadra chuvosa. O plano \u00e9 composto por a\u00e7\u00f5es de pavimenta\u00e7\u00e3o, sinaliza\u00e7\u00e3o, ilumina\u00e7\u00e3o e zeladoria, que ser\u00e3o executadas em todas as 12 Regionais. A opera\u00e7\u00e3o far\u00e1 a recupera\u00e7\u00e3o de 225 km de via, entre servi\u00e7os de reparo e recapeamento total de ruas e avenidas. A a\u00e7\u00e3o, realizada pelas secretarias da Gest\u00e3o Regional, Conserva\u00e7\u00e3o e Servi\u00e7os P\u00fablicos e a Autarquia Municipal&hellip;<\/p>\n","protected":false},"author":1,"featured_media":32746,"comment_status":"open","ping_status":"open","sticky":false,"template":"","format":"standard","meta":{"footnotes":""},"categories":[1],"tags":[],"class_list":["post-32745","post","type-post","status-publish","format-standard","has-post-thumbnail","hentry","category-noticias"],"_links":{"self":[{"href":"https:\/\/blogdorogeriogomes.com.br\/noticias\/wp-json\/wp\/v2\/posts\/32745","targetHints":{"allow":["GET"]}}],"collection":[{"href":"https:\/\/blogdorogeriogomes.com.br\/noticias\/wp-json\/wp\/v2\/posts"}],"about":[{"href":"https:\/\/blogdorogeriogomes.com.br\/noticias\/wp-json\/wp\/v2\/types\/post"}],"author":[{"embeddable":true,"href":"https:\/\/blogdorogeriogomes.com.br\/noticias\/wp-json\/wp\/v2\/users\/1"}],"replies":[{"embeddable":true,"href":"https:\/\/blogdorogeriogomes.com.br\/noticias\/wp-json\/wp\/v2\/comments?post=32745"}],"version-history":[{"count":1,"href":"https:\/\/blogdorogeriogomes.com.br\/noticias\/wp-json\/wp\/v2\/posts\/32745\/revisions"}],"predecessor-version":[{"id":32747,"href":"https:\/\/blogdorogeriogomes.com.br\/noticias\/wp-json\/wp\/v2\/posts\/32745\/revisions\/32747"}],"wp:featuredmedia":[{"embeddable":true,"href":"https:\/\/blogdorogeriogomes.com.br\/noticias\/wp-json\/wp\/v2\/media\/32746"}],"wp:attachment":[{"href":"https:\/\/blogdorogeriogomes.com.br\/noticias\/wp-json\/wp\/v2\/media?parent=32745"}],"wp:term":[{"taxonomy":"category","embeddable":true,"href":"https:\/\/blogdorogeriogomes.com.br\/noticias\/wp-json\/wp\/v2\/categories?post=32745"},{"taxonomy":"post_tag","embeddable":true,"href":"https:\/\/blogdorogeriogomes.com.br\/noticias\/wp-json\/wp\/v2\/tags?post=32745"}],"curies":[{"name":"wp","href":"https:\/\/api.w.org\/{rel}","templated":true}]}}