{"id":32748,"date":"2024-05-23T10:25:23","date_gmt":"2024-05-23T10:25:23","guid":{"rendered":"https:\/\/blogdorogeriogomes.com.br\/noticias\/?p=32748"},"modified":"2024-05-23T10:25:24","modified_gmt":"2024-05-23T10:25:24","slug":"justica-eleitoral-determina-que-andre-fernandes-retire-das-redes-sociais-os-videos-em-evento-politico-ao-lado-de-bolsonaro-em-fortaleza","status":"publish","type":"post","link":"https:\/\/blogdorogeriogomes.com.br\/noticias\/2024\/05\/justica-eleitoral-determina-que-andre-fernandes-retire-das-redes-sociais-os-videos-em-evento-politico-ao-lado-de-bolsonaro-em-fortaleza\/","title":{"rendered":"Justi\u00e7a Eleitoral determina que Andr\u00e9 Fernandes retire das redes sociais os v\u00eddeos em evento pol\u00edtico ao lado de Bolsonaro em Fortaleza"},"content":{"rendered":"\n<p>A Justi\u00e7a Eleitoral determinou que o deputado federal Andr\u00e9 Fernandes (PL) retire das suas redes sociais, as publica\u00e7\u00f5es sobre o lan\u00e7amento da pr\u00e9-candidatura dele \u00e0 Prefeitura de Fortaleza, no in\u00edcio de abril, por suposta propaganda eleitoral antecipada. O ato contou com a participa\u00e7\u00e3o do ex-presidente Jair Bolsonaro, no Gin\u00e1sio Paulo Sarasate.<\/p>\n\n\n\n<p>A decis\u00e3o liminar foi expedida nessa segunda-feira, dia 20 de maio, pela 115\u00aa Zona Eleitoral do Cear\u00e1. Ficou fixado o prazo de um dia para que fossem retiradas as publica\u00e7\u00f5es.\u00a0Andr\u00e9 Fernandes \u00e9 um dos pr\u00e9-candidatos da direita em Fortaleza, que ainda tem o Capit\u00e3o Wagner Souza (Uni\u00e3o Brasil) e o senador Luiz Eduardo Gir\u00e3o (Novo).<\/p>\n\n\n\n<figure class=\"wp-block-image size-full\"><img loading=\"lazy\" decoding=\"async\" width=\"480\" height=\"269\" src=\"https:\/\/blogdorogeriogomes.com.br\/noticias\/wp-content\/uploads\/2024\/05\/WhatsApp-Image-2024-04-11-at-21.44.56.jpeg\" alt=\"\" class=\"wp-image-32749\" srcset=\"https:\/\/blogdorogeriogomes.com.br\/noticias\/wp-content\/uploads\/2024\/05\/WhatsApp-Image-2024-04-11-at-21.44.56.jpeg 480w, https:\/\/blogdorogeriogomes.com.br\/noticias\/wp-content\/uploads\/2024\/05\/WhatsApp-Image-2024-04-11-at-21.44.56-300x168.jpeg 300w\" sizes=\"auto, (max-width: 480px) 100vw, 480px\" \/><\/figure>\n","protected":false},"excerpt":{"rendered":"<p>A Justi\u00e7a Eleitoral determinou que o deputado federal Andr\u00e9 Fernandes (PL) retire das suas redes sociais, as publica\u00e7\u00f5es sobre o lan\u00e7amento da pr\u00e9-candidatura dele \u00e0 Prefeitura de Fortaleza, no in\u00edcio de abril, por suposta propaganda eleitoral antecipada. O ato contou com a participa\u00e7\u00e3o do ex-presidente Jair Bolsonaro, no Gin\u00e1sio Paulo Sarasate. A decis\u00e3o liminar foi expedida nessa segunda-feira, dia 20 de maio, pela 115\u00aa Zona Eleitoral do Cear\u00e1. Ficou fixado o prazo de um dia para que fossem retiradas&hellip;<\/p>\n","protected":false},"author":1,"featured_media":32749,"comment_status":"open","ping_status":"open","sticky":false,"template":"","format":"standard","meta":{"footnotes":""},"categories":[1],"tags":[],"class_list":["post-32748","post","type-post","status-publish","format-standard","has-post-thumbnail","hentry","category-noticias"],"_links":{"self":[{"href":"https:\/\/blogdorogeriogomes.com.br\/noticias\/wp-json\/wp\/v2\/posts\/32748","targetHints":{"allow":["GET"]}}],"collection":[{"href":"https:\/\/blogdorogeriogomes.com.br\/noticias\/wp-json\/wp\/v2\/posts"}],"about":[{"href":"https:\/\/blogdorogeriogomes.com.br\/noticias\/wp-json\/wp\/v2\/types\/post"}],"author":[{"embeddable":true,"href":"https:\/\/blogdorogeriogomes.com.br\/noticias\/wp-json\/wp\/v2\/users\/1"}],"replies":[{"embeddable":true,"href":"https:\/\/blogdorogeriogomes.com.br\/noticias\/wp-json\/wp\/v2\/comments?post=32748"}],"version-history":[{"count":1,"href":"https:\/\/blogdorogeriogomes.com.br\/noticias\/wp-json\/wp\/v2\/posts\/32748\/revisions"}],"predecessor-version":[{"id":32750,"href":"https:\/\/blogdorogeriogomes.com.br\/noticias\/wp-json\/wp\/v2\/posts\/32748\/revisions\/32750"}],"wp:featuredmedia":[{"embeddable":true,"href":"https:\/\/blogdorogeriogomes.com.br\/noticias\/wp-json\/wp\/v2\/media\/32749"}],"wp:attachment":[{"href":"https:\/\/blogdorogeriogomes.com.br\/noticias\/wp-json\/wp\/v2\/media?parent=32748"}],"wp:term":[{"taxonomy":"category","embeddable":true,"href":"https:\/\/blogdorogeriogomes.com.br\/noticias\/wp-json\/wp\/v2\/categories?post=32748"},{"taxonomy":"post_tag","embeddable":true,"href":"https:\/\/blogdorogeriogomes.com.br\/noticias\/wp-json\/wp\/v2\/tags?post=32748"}],"curies":[{"name":"wp","href":"https:\/\/api.w.org\/{rel}","templated":true}]}}