{"id":32751,"date":"2024-05-23T10:40:42","date_gmt":"2024-05-23T10:40:42","guid":{"rendered":"https:\/\/blogdorogeriogomes.com.br\/noticias\/?p=32751"},"modified":"2024-05-23T10:40:42","modified_gmt":"2024-05-23T10:40:42","slug":"coroacao-de-nossa-senhora-deve-atrair-250-mil-pessoas-em-caninde-neste-sabado","status":"publish","type":"post","link":"https:\/\/blogdorogeriogomes.com.br\/noticias\/2024\/05\/coroacao-de-nossa-senhora-deve-atrair-250-mil-pessoas-em-caninde-neste-sabado\/","title":{"rendered":"Coroa\u00e7\u00e3o de Nossa Senhora deve atrair 250 mil pessoas em Canind\u00e9 neste s\u00e1bado"},"content":{"rendered":"\n<p>A tradicional Coroa\u00e7\u00e3o de Nossa Senhora, que acontece anualmente em Canind\u00e9, no Cear\u00e1, deve atrair cerca de 250 mil pessoas este ano. De acordo com a tradi\u00e7\u00e3o cat\u00f3lica, o coroamento de Maria como soberana dos c\u00e9us e da terra, acontece sempre no \u00faltimo s\u00e1bado do m\u00eas de maio. Em 2024, esta edi\u00e7\u00e3o acontece neste s\u00e1bado, dia 25 de maio, na Pra\u00e7a dos Romeiros.<\/p>\n\n\n\n<p>Para acolher os visitantes no per\u00edodo, a prefeitura de Canind\u00e9 vai ampliar os servi\u00e7os de sa\u00fade e limpeza p\u00fablica, refor\u00e7ar melhorias na infraestrutura do corredor religioso e, especialmente, dos servi\u00e7os de \u201copera\u00e7\u00e3o especiais\u201d, realizados pelos agentes da Guarda Civil Municipal, Guarda Cidad\u00e3 e Jovem Guarda Cidad\u00e3.<\/p>\n\n\n\n<p>&#8220;A Coroa\u00e7\u00e3o de Nossa Senhora \u00e9 um dos principais eventos do nosso calend\u00e1rio tur\u00edstico e religioso. \u00c9 uma oportunidade para os fi\u00e9is demonstrarem sua f\u00e9 e devo\u00e7\u00e3o \u00e0 Nossa Senhora. Al\u00e9m disso, o evento gera renda e emprego para o munic\u00edpio, movimentando a economia local\u201d, destaca a prefeita do munic\u00edpio, Roz\u00e1rio Ximenes.<\/p>\n\n\n\n<p>O M\u00eas Mariano \u00e9 organizado pelo Santu\u00e1rio de S\u00e3o Francisco das Chagas de Canind\u00e9, e \u00e9 considerado o segundo ciclo de romaria na cidade, fomentado pela for\u00e7a da f\u00e9 e do turismo religioso.<\/p>\n\n\n\n<p>&#8220;\u00c9 um per\u00edodo especial para os canindeenses que arrumam seus altares, decoram as ruas e se preparam para a Coroa\u00e7\u00e3o de Nossa Senhora\u201d, refor\u00e7a Roz\u00e1rio Ximenes.<\/p>\n\n\n\n<p>As festividades acontecem de 1\u00b0 a 31 de maio na igreja Matriz de Nossa Senhora das Dores, com celebra\u00e7\u00f5es em louvor \u00e0 Virgem Maria.<\/p>\n\n\n\n<figure class=\"wp-block-image size-full\"><img loading=\"lazy\" decoding=\"async\" width=\"677\" height=\"453\" src=\"https:\/\/blogdorogeriogomes.com.br\/noticias\/wp-content\/uploads\/2024\/05\/images-24.jpeg\" alt=\"\" class=\"wp-image-32752\" srcset=\"https:\/\/blogdorogeriogomes.com.br\/noticias\/wp-content\/uploads\/2024\/05\/images-24.jpeg 677w, https:\/\/blogdorogeriogomes.com.br\/noticias\/wp-content\/uploads\/2024\/05\/images-24-300x201.jpeg 300w\" sizes=\"auto, (max-width: 677px) 100vw, 677px\" \/><\/figure>\n\n\n\n<p><\/p>\n","protected":false},"excerpt":{"rendered":"<p>A tradicional Coroa\u00e7\u00e3o de Nossa Senhora, que acontece anualmente em Canind\u00e9, no Cear\u00e1, deve atrair cerca de 250 mil pessoas este ano. De acordo com a tradi\u00e7\u00e3o cat\u00f3lica, o coroamento de Maria como soberana dos c\u00e9us e da terra, acontece sempre no \u00faltimo s\u00e1bado do m\u00eas de maio. Em 2024, esta edi\u00e7\u00e3o acontece neste s\u00e1bado, dia 25 de maio, na Pra\u00e7a dos Romeiros. Para acolher os visitantes no per\u00edodo, a prefeitura de Canind\u00e9 vai ampliar os servi\u00e7os de sa\u00fade&hellip;<\/p>\n","protected":false},"author":1,"featured_media":32752,"comment_status":"open","ping_status":"open","sticky":false,"template":"","format":"standard","meta":{"footnotes":""},"categories":[1],"tags":[],"class_list":["post-32751","post","type-post","status-publish","format-standard","has-post-thumbnail","hentry","category-noticias"],"_links":{"self":[{"href":"https:\/\/blogdorogeriogomes.com.br\/noticias\/wp-json\/wp\/v2\/posts\/32751","targetHints":{"allow":["GET"]}}],"collection":[{"href":"https:\/\/blogdorogeriogomes.com.br\/noticias\/wp-json\/wp\/v2\/posts"}],"about":[{"href":"https:\/\/blogdorogeriogomes.com.br\/noticias\/wp-json\/wp\/v2\/types\/post"}],"author":[{"embeddable":true,"href":"https:\/\/blogdorogeriogomes.com.br\/noticias\/wp-json\/wp\/v2\/users\/1"}],"replies":[{"embeddable":true,"href":"https:\/\/blogdorogeriogomes.com.br\/noticias\/wp-json\/wp\/v2\/comments?post=32751"}],"version-history":[{"count":1,"href":"https:\/\/blogdorogeriogomes.com.br\/noticias\/wp-json\/wp\/v2\/posts\/32751\/revisions"}],"predecessor-version":[{"id":32753,"href":"https:\/\/blogdorogeriogomes.com.br\/noticias\/wp-json\/wp\/v2\/posts\/32751\/revisions\/32753"}],"wp:featuredmedia":[{"embeddable":true,"href":"https:\/\/blogdorogeriogomes.com.br\/noticias\/wp-json\/wp\/v2\/media\/32752"}],"wp:attachment":[{"href":"https:\/\/blogdorogeriogomes.com.br\/noticias\/wp-json\/wp\/v2\/media?parent=32751"}],"wp:term":[{"taxonomy":"category","embeddable":true,"href":"https:\/\/blogdorogeriogomes.com.br\/noticias\/wp-json\/wp\/v2\/categories?post=32751"},{"taxonomy":"post_tag","embeddable":true,"href":"https:\/\/blogdorogeriogomes.com.br\/noticias\/wp-json\/wp\/v2\/tags?post=32751"}],"curies":[{"name":"wp","href":"https:\/\/api.w.org\/{rel}","templated":true}]}}