{"id":32754,"date":"2024-05-23T10:48:11","date_gmt":"2024-05-23T10:48:11","guid":{"rendered":"https:\/\/blogdorogeriogomes.com.br\/noticias\/?p=32754"},"modified":"2024-05-23T10:48:11","modified_gmt":"2024-05-23T10:48:11","slug":"primeiros-celulares-recuperados-pelas-forcas-de-seguranca-do-ceara-atraves-do-aplicativo-meu-celular-sao-entregues-em-fortaleza","status":"publish","type":"post","link":"https:\/\/blogdorogeriogomes.com.br\/noticias\/2024\/05\/primeiros-celulares-recuperados-pelas-forcas-de-seguranca-do-ceara-atraves-do-aplicativo-meu-celular-sao-entregues-em-fortaleza\/","title":{"rendered":"Primeiros celulares recuperados pelas For\u00e7as de Seguran\u00e7a do Cear\u00e1 atrav\u00e9s do aplicativo Meu Celular s\u00e3o entregues em Fortaleza"},"content":{"rendered":"\n<p>\u00a0A primeira entrega de celulares recuperados pelo\u00a0Programa Meu Celular, do Governo do Cear\u00e1, ocorreu nesta quarta-feira, dia 22 de maio, no Centro Integrado de Seguran\u00e7a P\u00fablica (Cisp), em Fortaleza. Na ocasi\u00e3o, estiveram presentes o governador Elmano de Freitas; o secret\u00e1rio da Seguran\u00e7a P\u00fablica, Samuel El\u00e2nio; e o delegado-geral da Pol\u00edcia Civil do Cear\u00e1, M\u00e1rcio Guti\u00e9rrez.<\/p>\n\n\n\n<p>At\u00e9 o momento, mais de 500 celulares j\u00e1 foram recuperados, e cerca de 300 devem ser entregues na Capital somente nesta primeira entrega. Em Fortaleza, os aparelhos ser\u00e3o devolvidos na sede da Pol\u00edcia Civil, no Cisp. O comparecimento s\u00f3 deve ser feito ap\u00f3s notifica\u00e7\u00e3o.<\/p>\n\n\n\n<p>O Meu Celular, desenvolvido pela Secretaria da Seguran\u00e7a P\u00fablica e Defesa Social (SSPDS), tem o objetivo de auxiliar as For\u00e7as de Seguran\u00e7a do Cear\u00e1 na recupera\u00e7\u00e3o de celulares ou tablets roubados, furtados ou perdidos.<\/p>\n\n\n\n<figure class=\"wp-block-image size-large\"><img loading=\"lazy\" decoding=\"async\" width=\"1024\" height=\"683\" src=\"https:\/\/blogdorogeriogomes.com.br\/noticias\/wp-content\/uploads\/2024\/05\/20240522094727__MG_6991-1-1200x800-1-1024x683.jpg\" alt=\"\" class=\"wp-image-32755\" srcset=\"https:\/\/blogdorogeriogomes.com.br\/noticias\/wp-content\/uploads\/2024\/05\/20240522094727__MG_6991-1-1200x800-1-1024x683.jpg 1024w, https:\/\/blogdorogeriogomes.com.br\/noticias\/wp-content\/uploads\/2024\/05\/20240522094727__MG_6991-1-1200x800-1-300x200.jpg 300w, https:\/\/blogdorogeriogomes.com.br\/noticias\/wp-content\/uploads\/2024\/05\/20240522094727__MG_6991-1-1200x800-1-768x512.jpg 768w, https:\/\/blogdorogeriogomes.com.br\/noticias\/wp-content\/uploads\/2024\/05\/20240522094727__MG_6991-1-1200x800-1-800x533.jpg 800w, https:\/\/blogdorogeriogomes.com.br\/noticias\/wp-content\/uploads\/2024\/05\/20240522094727__MG_6991-1-1200x800-1.jpg 1200w\" sizes=\"auto, (max-width: 1024px) 100vw, 1024px\" \/><\/figure>\n","protected":false},"excerpt":{"rendered":"<p>\u00a0A primeira entrega de celulares recuperados pelo\u00a0Programa Meu Celular, do Governo do Cear\u00e1, ocorreu nesta quarta-feira, dia 22 de maio, no Centro Integrado de Seguran\u00e7a P\u00fablica (Cisp), em Fortaleza. Na ocasi\u00e3o, estiveram presentes o governador Elmano de Freitas; o secret\u00e1rio da Seguran\u00e7a P\u00fablica, Samuel El\u00e2nio; e o delegado-geral da Pol\u00edcia Civil do Cear\u00e1, M\u00e1rcio Guti\u00e9rrez. At\u00e9 o momento, mais de 500 celulares j\u00e1 foram recuperados, e cerca de 300 devem ser entregues na Capital somente nesta primeira entrega. Em&hellip;<\/p>\n","protected":false},"author":1,"featured_media":32755,"comment_status":"open","ping_status":"open","sticky":false,"template":"","format":"standard","meta":{"footnotes":""},"categories":[1],"tags":[],"class_list":["post-32754","post","type-post","status-publish","format-standard","has-post-thumbnail","hentry","category-noticias"],"_links":{"self":[{"href":"https:\/\/blogdorogeriogomes.com.br\/noticias\/wp-json\/wp\/v2\/posts\/32754","targetHints":{"allow":["GET"]}}],"collection":[{"href":"https:\/\/blogdorogeriogomes.com.br\/noticias\/wp-json\/wp\/v2\/posts"}],"about":[{"href":"https:\/\/blogdorogeriogomes.com.br\/noticias\/wp-json\/wp\/v2\/types\/post"}],"author":[{"embeddable":true,"href":"https:\/\/blogdorogeriogomes.com.br\/noticias\/wp-json\/wp\/v2\/users\/1"}],"replies":[{"embeddable":true,"href":"https:\/\/blogdorogeriogomes.com.br\/noticias\/wp-json\/wp\/v2\/comments?post=32754"}],"version-history":[{"count":1,"href":"https:\/\/blogdorogeriogomes.com.br\/noticias\/wp-json\/wp\/v2\/posts\/32754\/revisions"}],"predecessor-version":[{"id":32756,"href":"https:\/\/blogdorogeriogomes.com.br\/noticias\/wp-json\/wp\/v2\/posts\/32754\/revisions\/32756"}],"wp:featuredmedia":[{"embeddable":true,"href":"https:\/\/blogdorogeriogomes.com.br\/noticias\/wp-json\/wp\/v2\/media\/32755"}],"wp:attachment":[{"href":"https:\/\/blogdorogeriogomes.com.br\/noticias\/wp-json\/wp\/v2\/media?parent=32754"}],"wp:term":[{"taxonomy":"category","embeddable":true,"href":"https:\/\/blogdorogeriogomes.com.br\/noticias\/wp-json\/wp\/v2\/categories?post=32754"},{"taxonomy":"post_tag","embeddable":true,"href":"https:\/\/blogdorogeriogomes.com.br\/noticias\/wp-json\/wp\/v2\/tags?post=32754"}],"curies":[{"name":"wp","href":"https:\/\/api.w.org\/{rel}","templated":true}]}}