{"id":32758,"date":"2024-05-24T10:46:07","date_gmt":"2024-05-24T10:46:07","guid":{"rendered":"https:\/\/blogdorogeriogomes.com.br\/noticias\/?p=32758"},"modified":"2024-05-24T10:46:07","modified_gmt":"2024-05-24T10:46:07","slug":"prefeito-jose-sarto-vai-a-brasilia-e-busca-recursos-nos-ministerios-da-saude-da-inovacao-em-servicos-publicos-e-da-previdencia","status":"publish","type":"post","link":"https:\/\/blogdorogeriogomes.com.br\/noticias\/2024\/05\/prefeito-jose-sarto-vai-a-brasilia-e-busca-recursos-nos-ministerios-da-saude-da-inovacao-em-servicos-publicos-e-da-previdencia\/","title":{"rendered":"Prefeito Jos\u00e9 Sarto vai a Bras\u00edlia e busca recursos nos Minist\u00e9rios da Sa\u00fade, da Inova\u00e7\u00e3o em Servi\u00e7os P\u00fablicos e da Previd\u00eancia"},"content":{"rendered":"\n<p>O prefeito de Fortaleza, Jos\u00e9 Sarto (PDT),  cumpriu agenda em Bras\u00edlia nesta quinta-feira, dia 23 de maio, em busca de apoio para projetos e recursos para Fortaleza. Ele participou de reuni\u00f5es com a ministra da Sa\u00fade, N\u00edsia Trindade, a ministra da Gest\u00e3o e da Inova\u00e7\u00e3o em Servi\u00e7os P\u00fablicos, Esther Dweck, e com o ministro da Previd\u00eancia Social, Carlos Lupi.<\/p>\n\n\n\n<p>Durante reuni\u00e3o com a ministra da Sa\u00fade, Sarto apresentou o trabalho que vem sendo realizado pela Prefeitura de Fortaleza e pediu a amplia\u00e7\u00e3o de repasses para a sa\u00fade na Capital, principalmente para as \u00e1reas de ortopedia e traumatologia, voca\u00e7\u00e3o do Instituto Doutor Jos\u00e9 Frota e dos nossos Frotinhas. O secret\u00e1rio da Sa\u00fade de Fortaleza, Galeno Taumaturgo, tamb\u00e9m participou do encontro.<\/p>\n\n\n\n<p>No Minist\u00e9rio da Gest\u00e3o e da Inova\u00e7\u00e3o em Servi\u00e7os P\u00fablicos, Sarto abordou iniciativas conjuntas para potencializar a economia e o turismo na Praia do Futuro. Ele refor\u00e7ou que a Prefeitura de Fortaleza prop\u00f4s ao Governo Federal um termo de refer\u00eancia com o objetivo de promover um concurso nacional de ideias para a urbaniza\u00e7\u00e3o na \u00e1rea.<\/p>\n\n\n\n<p>A agenda do prefeito Sarto em Bras\u00edlia incluiu tamb\u00e9m reuni\u00e3o com o ministro da Previd\u00eancia Social, Carlos Lupi. O encontro discutiu projetos para melhorar o acesso a servi\u00e7os do INSS pelos cidad\u00e3os.<\/p>\n\n\n\n<figure class=\"wp-block-image size-large\"><img loading=\"lazy\" decoding=\"async\" width=\"1024\" height=\"714\" src=\"https:\/\/blogdorogeriogomes.com.br\/noticias\/wp-content\/uploads\/2024\/05\/WhatsApp-Image-2024-05-23-at-20.02.50-1024x714.jpeg\" alt=\"\" class=\"wp-image-32759\" srcset=\"https:\/\/blogdorogeriogomes.com.br\/noticias\/wp-content\/uploads\/2024\/05\/WhatsApp-Image-2024-05-23-at-20.02.50-1024x714.jpeg 1024w, https:\/\/blogdorogeriogomes.com.br\/noticias\/wp-content\/uploads\/2024\/05\/WhatsApp-Image-2024-05-23-at-20.02.50-300x209.jpeg 300w, https:\/\/blogdorogeriogomes.com.br\/noticias\/wp-content\/uploads\/2024\/05\/WhatsApp-Image-2024-05-23-at-20.02.50-768x535.jpeg 768w, https:\/\/blogdorogeriogomes.com.br\/noticias\/wp-content\/uploads\/2024\/05\/WhatsApp-Image-2024-05-23-at-20.02.50-1536x1070.jpeg 1536w, https:\/\/blogdorogeriogomes.com.br\/noticias\/wp-content\/uploads\/2024\/05\/WhatsApp-Image-2024-05-23-at-20.02.50-800x558.jpeg 800w, https:\/\/blogdorogeriogomes.com.br\/noticias\/wp-content\/uploads\/2024\/05\/WhatsApp-Image-2024-05-23-at-20.02.50.jpeg 1600w\" sizes=\"auto, (max-width: 1024px) 100vw, 1024px\" \/><\/figure>\n","protected":false},"excerpt":{"rendered":"<p>O prefeito de Fortaleza, Jos\u00e9 Sarto (PDT), cumpriu agenda em Bras\u00edlia nesta quinta-feira, dia 23 de maio, em busca de apoio para projetos e recursos para Fortaleza. Ele participou de reuni\u00f5es com a ministra da Sa\u00fade, N\u00edsia Trindade, a ministra da Gest\u00e3o e da Inova\u00e7\u00e3o em Servi\u00e7os P\u00fablicos, Esther Dweck, e com o ministro da Previd\u00eancia Social, Carlos Lupi. Durante reuni\u00e3o com a ministra da Sa\u00fade, Sarto apresentou o trabalho que vem sendo realizado pela Prefeitura de Fortaleza e&hellip;<\/p>\n","protected":false},"author":1,"featured_media":32759,"comment_status":"open","ping_status":"open","sticky":false,"template":"","format":"standard","meta":{"footnotes":""},"categories":[1],"tags":[],"class_list":["post-32758","post","type-post","status-publish","format-standard","has-post-thumbnail","hentry","category-noticias"],"_links":{"self":[{"href":"https:\/\/blogdorogeriogomes.com.br\/noticias\/wp-json\/wp\/v2\/posts\/32758","targetHints":{"allow":["GET"]}}],"collection":[{"href":"https:\/\/blogdorogeriogomes.com.br\/noticias\/wp-json\/wp\/v2\/posts"}],"about":[{"href":"https:\/\/blogdorogeriogomes.com.br\/noticias\/wp-json\/wp\/v2\/types\/post"}],"author":[{"embeddable":true,"href":"https:\/\/blogdorogeriogomes.com.br\/noticias\/wp-json\/wp\/v2\/users\/1"}],"replies":[{"embeddable":true,"href":"https:\/\/blogdorogeriogomes.com.br\/noticias\/wp-json\/wp\/v2\/comments?post=32758"}],"version-history":[{"count":1,"href":"https:\/\/blogdorogeriogomes.com.br\/noticias\/wp-json\/wp\/v2\/posts\/32758\/revisions"}],"predecessor-version":[{"id":32760,"href":"https:\/\/blogdorogeriogomes.com.br\/noticias\/wp-json\/wp\/v2\/posts\/32758\/revisions\/32760"}],"wp:featuredmedia":[{"embeddable":true,"href":"https:\/\/blogdorogeriogomes.com.br\/noticias\/wp-json\/wp\/v2\/media\/32759"}],"wp:attachment":[{"href":"https:\/\/blogdorogeriogomes.com.br\/noticias\/wp-json\/wp\/v2\/media?parent=32758"}],"wp:term":[{"taxonomy":"category","embeddable":true,"href":"https:\/\/blogdorogeriogomes.com.br\/noticias\/wp-json\/wp\/v2\/categories?post=32758"},{"taxonomy":"post_tag","embeddable":true,"href":"https:\/\/blogdorogeriogomes.com.br\/noticias\/wp-json\/wp\/v2\/tags?post=32758"}],"curies":[{"name":"wp","href":"https:\/\/api.w.org\/{rel}","templated":true}]}}