{"id":32761,"date":"2024-05-24T11:03:05","date_gmt":"2024-05-24T11:03:05","guid":{"rendered":"https:\/\/blogdorogeriogomes.com.br\/noticias\/?p=32761"},"modified":"2024-05-24T11:03:05","modified_gmt":"2024-05-24T11:03:05","slug":"governo-federal-libera-mais-r-18-bilhoes-em-acoes-de-apoio-a-familias-desabrigadas-pelas-chuvas-no-rio-grande-do-sul","status":"publish","type":"post","link":"https:\/\/blogdorogeriogomes.com.br\/noticias\/2024\/05\/governo-federal-libera-mais-r-18-bilhoes-em-acoes-de-apoio-a-familias-desabrigadas-pelas-chuvas-no-rio-grande-do-sul\/","title":{"rendered":"Governo Federal libera mais R$ 1,8 bilh\u00f5es em a\u00e7\u00f5es de apoio a fam\u00edlias desabrigadas pelas chuvas no Rio Grande do Sul"},"content":{"rendered":"\n<p>O Governo Federal liberou mais R$ 1,8 bilh\u00e3o para a\u00e7\u00f5es de reconstru\u00e7\u00e3o no Rio Grande do Sul. A autoriza\u00e7\u00e3o do cr\u00e9dito extraordin\u00e1rio foi feita por meio da edi\u00e7\u00e3o de Medida Provis\u00f3ria publicada na noite desta quinta-feira, dia 23 de maio. A MP entra em vigor imediatamente, mas precisa ser aprovada pelo Congresso Nacional para n\u00e3o perder a validade.<\/p>\n\n\n\n<p>A maior parte do montante ir\u00e1 para a\u00e7\u00f5es da Defesa Civil e o Aux\u00edlio Reconstru\u00e7\u00e3o, somando mais de R$ 1,4 bilh\u00e3o. Os recursos autorizados poder\u00e3o tamb\u00e9m ser usados para volta das atividades de universidades e institutos federais, assist\u00eancia jur\u00eddica gratuita, servi\u00e7os de conectividade, fiscaliza\u00e7\u00e3o ambiental, aquisi\u00e7\u00e3o de equipamentos para conselhos tutelares e atua\u00e7\u00e3o das pol\u00edcias Federal, Rodovi\u00e1ria Federal e da For\u00e7a Nacional de Seguran\u00e7a P\u00fablica.\u00a0<\/p>\n\n\n\n<p>&#8220;Com a volta das chuvas, o apoio do governo do presidente Lula ao governo do estado e \u00e0s prefeituras tamb\u00e9m se intensifica. S\u00e3o muitas frentes de trabalho, que v\u00e3o desde o apoio ao acolhimento da popula\u00e7\u00e3o desabrigada at\u00e9 o suporte para o trabalho de esgotamento da \u00e1gua represada na regi\u00e3o metropolitana&#8221;, afirmou o ministro extraordin\u00e1rio para a reconstru\u00e7\u00e3o do estado, Paulo Pimenta.<\/p>\n\n\n\n<figure class=\"wp-block-image size-full\"><img loading=\"lazy\" decoding=\"async\" width=\"768\" height=\"512\" src=\"https:\/\/blogdorogeriogomes.com.br\/noticias\/wp-content\/uploads\/2024\/05\/20240504130520_dcf31ca31cea2ab6eb285b38f83a85991195588eb6e14e41dba99fa34d7ffddf.webp\" alt=\"\" class=\"wp-image-32762\" srcset=\"https:\/\/blogdorogeriogomes.com.br\/noticias\/wp-content\/uploads\/2024\/05\/20240504130520_dcf31ca31cea2ab6eb285b38f83a85991195588eb6e14e41dba99fa34d7ffddf.webp 768w, https:\/\/blogdorogeriogomes.com.br\/noticias\/wp-content\/uploads\/2024\/05\/20240504130520_dcf31ca31cea2ab6eb285b38f83a85991195588eb6e14e41dba99fa34d7ffddf-300x200.webp 300w\" sizes=\"auto, (max-width: 768px) 100vw, 768px\" \/><\/figure>\n","protected":false},"excerpt":{"rendered":"<p>O Governo Federal liberou mais R$ 1,8 bilh\u00e3o para a\u00e7\u00f5es de reconstru\u00e7\u00e3o no Rio Grande do Sul. A autoriza\u00e7\u00e3o do cr\u00e9dito extraordin\u00e1rio foi feita por meio da edi\u00e7\u00e3o de Medida Provis\u00f3ria publicada na noite desta quinta-feira, dia 23 de maio. A MP entra em vigor imediatamente, mas precisa ser aprovada pelo Congresso Nacional para n\u00e3o perder a validade. A maior parte do montante ir\u00e1 para a\u00e7\u00f5es da Defesa Civil e o Aux\u00edlio Reconstru\u00e7\u00e3o, somando mais de R$ 1,4 bilh\u00e3o.&hellip;<\/p>\n","protected":false},"author":1,"featured_media":32762,"comment_status":"open","ping_status":"open","sticky":false,"template":"","format":"standard","meta":{"footnotes":""},"categories":[1],"tags":[],"class_list":["post-32761","post","type-post","status-publish","format-standard","has-post-thumbnail","hentry","category-noticias"],"_links":{"self":[{"href":"https:\/\/blogdorogeriogomes.com.br\/noticias\/wp-json\/wp\/v2\/posts\/32761","targetHints":{"allow":["GET"]}}],"collection":[{"href":"https:\/\/blogdorogeriogomes.com.br\/noticias\/wp-json\/wp\/v2\/posts"}],"about":[{"href":"https:\/\/blogdorogeriogomes.com.br\/noticias\/wp-json\/wp\/v2\/types\/post"}],"author":[{"embeddable":true,"href":"https:\/\/blogdorogeriogomes.com.br\/noticias\/wp-json\/wp\/v2\/users\/1"}],"replies":[{"embeddable":true,"href":"https:\/\/blogdorogeriogomes.com.br\/noticias\/wp-json\/wp\/v2\/comments?post=32761"}],"version-history":[{"count":1,"href":"https:\/\/blogdorogeriogomes.com.br\/noticias\/wp-json\/wp\/v2\/posts\/32761\/revisions"}],"predecessor-version":[{"id":32763,"href":"https:\/\/blogdorogeriogomes.com.br\/noticias\/wp-json\/wp\/v2\/posts\/32761\/revisions\/32763"}],"wp:featuredmedia":[{"embeddable":true,"href":"https:\/\/blogdorogeriogomes.com.br\/noticias\/wp-json\/wp\/v2\/media\/32762"}],"wp:attachment":[{"href":"https:\/\/blogdorogeriogomes.com.br\/noticias\/wp-json\/wp\/v2\/media?parent=32761"}],"wp:term":[{"taxonomy":"category","embeddable":true,"href":"https:\/\/blogdorogeriogomes.com.br\/noticias\/wp-json\/wp\/v2\/categories?post=32761"},{"taxonomy":"post_tag","embeddable":true,"href":"https:\/\/blogdorogeriogomes.com.br\/noticias\/wp-json\/wp\/v2\/tags?post=32761"}],"curies":[{"name":"wp","href":"https:\/\/api.w.org\/{rel}","templated":true}]}}