{"id":32764,"date":"2024-05-24T17:16:27","date_gmt":"2024-05-24T17:16:27","guid":{"rendered":"https:\/\/blogdorogeriogomes.com.br\/noticias\/?p=32764"},"modified":"2024-05-24T17:16:28","modified_gmt":"2024-05-24T17:16:28","slug":"programa-entrada-moradia-sera-lancado-pelo-governo-do-estado-na-proxima-segunda-feira","status":"publish","type":"post","link":"https:\/\/blogdorogeriogomes.com.br\/noticias\/2024\/05\/programa-entrada-moradia-sera-lancado-pelo-governo-do-estado-na-proxima-segunda-feira\/","title":{"rendered":"Programa Entrada Moradia ser\u00e1 lan\u00e7ado pelo Governo do Estado na pr\u00f3xima segunda-feira"},"content":{"rendered":"\n<p>O Governo do Cear\u00e1 lan\u00e7a, na segunda-feira, dia 27 de maio, o programa que vai subsidiar o valor de entrada em im\u00f3veis das faixas 1 e 2 do Minha Casa Minha Vida para fam\u00edlias com renda mensal de at\u00e9 R$ 4.400. A solenidade de lan\u00e7amento acontece em empreendimento localizado no bairro Cambeba, com a presen\u00e7a do governador Elmano de Freitas e outras autoridades.<\/p>\n\n\n\n<p>O prop\u00f3sito do Entrada Moradia Cear\u00e1 \u00e9 reduzir o d\u00e9ficit habitacional no estado e incrementar o mercado da constru\u00e7\u00e3o civil. Todos os empreendimentos listados no Entrada Moradia Cear\u00e1 s\u00e3o cadastrados na Caixa Econ\u00f4mica Federal, em conformidade com os crit\u00e9rios do Minha Casa Minha Vida. Isso assegura a avalia\u00e7\u00e3o t\u00e9cnica e financeira dos residenciais, al\u00e9m de dar seguran\u00e7a jur\u00eddica \u00e0s fam\u00edlias que desejam comprar um im\u00f3vel somando os benef\u00edcios do Governo do Cear\u00e1 e do Governo Federal.<\/p>\n\n\n\n<p>Cada beneficiado selecionado contar\u00e1 com valor direcionado diretamente \u00e0 Caixa Econ\u00f4mica para abatimento da verba inicial necess\u00e1ria para a contrata\u00e7\u00e3o do financiamento habitacional. Al\u00e9m disso, o programa prev\u00ea a gera\u00e7\u00e3o de 40 mil empregos na \u00e1rea da constru\u00e7\u00e3o civil.<\/p>\n\n\n\n<figure class=\"wp-block-image size-full\"><img loading=\"lazy\" decoding=\"async\" width=\"730\" height=\"420\" src=\"https:\/\/blogdorogeriogomes.com.br\/noticias\/wp-content\/uploads\/2024\/05\/images-25.jpeg\" alt=\"\" class=\"wp-image-32765\" srcset=\"https:\/\/blogdorogeriogomes.com.br\/noticias\/wp-content\/uploads\/2024\/05\/images-25.jpeg 730w, https:\/\/blogdorogeriogomes.com.br\/noticias\/wp-content\/uploads\/2024\/05\/images-25-300x173.jpeg 300w\" sizes=\"auto, (max-width: 730px) 100vw, 730px\" \/><\/figure>\n","protected":false},"excerpt":{"rendered":"<p>O Governo do Cear\u00e1 lan\u00e7a, na segunda-feira, dia 27 de maio, o programa que vai subsidiar o valor de entrada em im\u00f3veis das faixas 1 e 2 do Minha Casa Minha Vida para fam\u00edlias com renda mensal de at\u00e9 R$ 4.400. A solenidade de lan\u00e7amento acontece em empreendimento localizado no bairro Cambeba, com a presen\u00e7a do governador Elmano de Freitas e outras autoridades. O prop\u00f3sito do Entrada Moradia Cear\u00e1 \u00e9 reduzir o d\u00e9ficit habitacional no estado e incrementar o&hellip;<\/p>\n","protected":false},"author":1,"featured_media":32765,"comment_status":"open","ping_status":"open","sticky":false,"template":"","format":"standard","meta":{"footnotes":""},"categories":[1],"tags":[],"class_list":["post-32764","post","type-post","status-publish","format-standard","has-post-thumbnail","hentry","category-noticias"],"_links":{"self":[{"href":"https:\/\/blogdorogeriogomes.com.br\/noticias\/wp-json\/wp\/v2\/posts\/32764","targetHints":{"allow":["GET"]}}],"collection":[{"href":"https:\/\/blogdorogeriogomes.com.br\/noticias\/wp-json\/wp\/v2\/posts"}],"about":[{"href":"https:\/\/blogdorogeriogomes.com.br\/noticias\/wp-json\/wp\/v2\/types\/post"}],"author":[{"embeddable":true,"href":"https:\/\/blogdorogeriogomes.com.br\/noticias\/wp-json\/wp\/v2\/users\/1"}],"replies":[{"embeddable":true,"href":"https:\/\/blogdorogeriogomes.com.br\/noticias\/wp-json\/wp\/v2\/comments?post=32764"}],"version-history":[{"count":1,"href":"https:\/\/blogdorogeriogomes.com.br\/noticias\/wp-json\/wp\/v2\/posts\/32764\/revisions"}],"predecessor-version":[{"id":32766,"href":"https:\/\/blogdorogeriogomes.com.br\/noticias\/wp-json\/wp\/v2\/posts\/32764\/revisions\/32766"}],"wp:featuredmedia":[{"embeddable":true,"href":"https:\/\/blogdorogeriogomes.com.br\/noticias\/wp-json\/wp\/v2\/media\/32765"}],"wp:attachment":[{"href":"https:\/\/blogdorogeriogomes.com.br\/noticias\/wp-json\/wp\/v2\/media?parent=32764"}],"wp:term":[{"taxonomy":"category","embeddable":true,"href":"https:\/\/blogdorogeriogomes.com.br\/noticias\/wp-json\/wp\/v2\/categories?post=32764"},{"taxonomy":"post_tag","embeddable":true,"href":"https:\/\/blogdorogeriogomes.com.br\/noticias\/wp-json\/wp\/v2\/tags?post=32764"}],"curies":[{"name":"wp","href":"https:\/\/api.w.org\/{rel}","templated":true}]}}