{"id":32770,"date":"2024-05-27T11:08:46","date_gmt":"2024-05-27T11:08:46","guid":{"rendered":"https:\/\/blogdorogeriogomes.com.br\/noticias\/?p=32770"},"modified":"2024-05-27T11:08:47","modified_gmt":"2024-05-27T11:08:47","slug":"jose-sarto-explica-hoje-projetos-da-prefeitura-para-empresarios-lojistas-em-almoco-na-cdl-de-fortaleza","status":"publish","type":"post","link":"https:\/\/blogdorogeriogomes.com.br\/noticias\/2024\/05\/jose-sarto-explica-hoje-projetos-da-prefeitura-para-empresarios-lojistas-em-almoco-na-cdl-de-fortaleza\/","title":{"rendered":"Jos\u00e9 Sarto explica hoje projetos da Prefeitura para empres\u00e1rios lojistas em almo\u00e7o na CDL de Fortaleza"},"content":{"rendered":"\n<p>O prefeito de Fortaleza, Jos\u00e9 Sarto (PDT) se encontra nesta segunda-feira, dia 27 de maio, com o presidente da C\u00e2mara de Dirigentes Lojistas de Fortaleza (CDL), Assis Cavalcante, para um almo\u00e7o na sede da entidade. Sarto vai apresentar aos diretores da CDL e empres\u00e1rios lojistas os principais projetos da Prefeitura Municipal de Fortaleza.<\/p>\n\n\n\n<p>Pr\u00e9-candidato \u00e0 reelei\u00e7\u00e3o, Jos\u00e9 Sarto acelera as a\u00e7\u00f5es na Capital com v\u00e1rias obras em andamento em a\u00e9reas de infraestrutura, educa\u00e7\u00e3o e sa\u00fade. Sarto deseja concluir a maioria dos servi\u00e7os at\u00e9 o segundo semestre, antes das elei\u00e7\u00f5es municipais marcadas para outubro.<\/p>\n\n\n\n<figure class=\"wp-block-image size-full\"><img loading=\"lazy\" decoding=\"async\" width=\"679\" height=\"452\" src=\"https:\/\/blogdorogeriogomes.com.br\/noticias\/wp-content\/uploads\/2024\/05\/images-26.jpeg\" alt=\"\" class=\"wp-image-32771\" srcset=\"https:\/\/blogdorogeriogomes.com.br\/noticias\/wp-content\/uploads\/2024\/05\/images-26.jpeg 679w, https:\/\/blogdorogeriogomes.com.br\/noticias\/wp-content\/uploads\/2024\/05\/images-26-300x200.jpeg 300w\" sizes=\"auto, (max-width: 679px) 100vw, 679px\" \/><\/figure>\n\n\n\n<p><\/p>\n","protected":false},"excerpt":{"rendered":"<p>O prefeito de Fortaleza, Jos\u00e9 Sarto (PDT) se encontra nesta segunda-feira, dia 27 de maio, com o presidente da C\u00e2mara de Dirigentes Lojistas de Fortaleza (CDL), Assis Cavalcante, para um almo\u00e7o na sede da entidade. Sarto vai apresentar aos diretores da CDL e empres\u00e1rios lojistas os principais projetos da Prefeitura Municipal de Fortaleza. Pr\u00e9-candidato \u00e0 reelei\u00e7\u00e3o, Jos\u00e9 Sarto acelera as a\u00e7\u00f5es na Capital com v\u00e1rias obras em andamento em a\u00e9reas de infraestrutura, educa\u00e7\u00e3o e sa\u00fade. Sarto deseja concluir a&hellip;<\/p>\n","protected":false},"author":1,"featured_media":32771,"comment_status":"open","ping_status":"open","sticky":false,"template":"","format":"standard","meta":{"footnotes":""},"categories":[1],"tags":[],"class_list":["post-32770","post","type-post","status-publish","format-standard","has-post-thumbnail","hentry","category-noticias"],"_links":{"self":[{"href":"https:\/\/blogdorogeriogomes.com.br\/noticias\/wp-json\/wp\/v2\/posts\/32770","targetHints":{"allow":["GET"]}}],"collection":[{"href":"https:\/\/blogdorogeriogomes.com.br\/noticias\/wp-json\/wp\/v2\/posts"}],"about":[{"href":"https:\/\/blogdorogeriogomes.com.br\/noticias\/wp-json\/wp\/v2\/types\/post"}],"author":[{"embeddable":true,"href":"https:\/\/blogdorogeriogomes.com.br\/noticias\/wp-json\/wp\/v2\/users\/1"}],"replies":[{"embeddable":true,"href":"https:\/\/blogdorogeriogomes.com.br\/noticias\/wp-json\/wp\/v2\/comments?post=32770"}],"version-history":[{"count":1,"href":"https:\/\/blogdorogeriogomes.com.br\/noticias\/wp-json\/wp\/v2\/posts\/32770\/revisions"}],"predecessor-version":[{"id":32772,"href":"https:\/\/blogdorogeriogomes.com.br\/noticias\/wp-json\/wp\/v2\/posts\/32770\/revisions\/32772"}],"wp:featuredmedia":[{"embeddable":true,"href":"https:\/\/blogdorogeriogomes.com.br\/noticias\/wp-json\/wp\/v2\/media\/32771"}],"wp:attachment":[{"href":"https:\/\/blogdorogeriogomes.com.br\/noticias\/wp-json\/wp\/v2\/media?parent=32770"}],"wp:term":[{"taxonomy":"category","embeddable":true,"href":"https:\/\/blogdorogeriogomes.com.br\/noticias\/wp-json\/wp\/v2\/categories?post=32770"},{"taxonomy":"post_tag","embeddable":true,"href":"https:\/\/blogdorogeriogomes.com.br\/noticias\/wp-json\/wp\/v2\/tags?post=32770"}],"curies":[{"name":"wp","href":"https:\/\/api.w.org\/{rel}","templated":true}]}}