{"id":32773,"date":"2024-05-27T11:16:24","date_gmt":"2024-05-27T11:16:24","guid":{"rendered":"https:\/\/blogdorogeriogomes.com.br\/noticias\/?p=32773"},"modified":"2024-05-27T11:16:25","modified_gmt":"2024-05-27T11:16:25","slug":"inscricoes-para-enem-2024-comecam-nesta-segunda-feira","status":"publish","type":"post","link":"https:\/\/blogdorogeriogomes.com.br\/noticias\/2024\/05\/inscricoes-para-enem-2024-comecam-nesta-segunda-feira\/","title":{"rendered":"Inscri\u00e7\u00f5es para Enem 2024 come\u00e7am nesta segunda-feira\u00a0"},"content":{"rendered":"\n<p>O prazo de inscri\u00e7\u00f5es para o Exame Nacional do Ensino M\u00e9dio (Enem) 2024 come\u00e7a nesta segunda-feira, dia 27 de maio, e segue at\u00e9 o dia 7 de junho. Os interessados em participar do certame devem se candidatar pela P\u00e1gina do Participante, usando o n\u00famero do CPF e a senha do portal do Gov.br.<br>O Instituto Nacional de Estudos e Pesquisas Educacionais An\u00edsio Teixeira (Inep) informou que o per\u00edodo para pagamento da taxa de R$ 85 tamb\u00e9m inicia nessa data, e encerra em 12 de junho. \u00c9 poss\u00edvel pagar via boleto (gerado na P\u00e1gina do Participante), Pix, cart\u00e3o de cr\u00e9dito, d\u00e9bito em conta corrente ou poupan\u00e7a (a depender do banco). Para pagar por Pix, basta acessar o QR code que consta no boleto.<br>As provas do Enem s\u00e3o aplicadas em dois domingos seguidos. Neste ano, elas acontecem nos dias 3 e 10 de novembro.<\/p>\n\n\n\n<figure class=\"wp-block-image size-full\"><img loading=\"lazy\" decoding=\"async\" width=\"678\" height=\"452\" src=\"https:\/\/blogdorogeriogomes.com.br\/noticias\/wp-content\/uploads\/2024\/05\/images-27.jpeg\" alt=\"\" class=\"wp-image-32774\" srcset=\"https:\/\/blogdorogeriogomes.com.br\/noticias\/wp-content\/uploads\/2024\/05\/images-27.jpeg 678w, https:\/\/blogdorogeriogomes.com.br\/noticias\/wp-content\/uploads\/2024\/05\/images-27-300x200.jpeg 300w\" sizes=\"auto, (max-width: 678px) 100vw, 678px\" \/><\/figure>\n","protected":false},"excerpt":{"rendered":"<p>O prazo de inscri\u00e7\u00f5es para o Exame Nacional do Ensino M\u00e9dio (Enem) 2024 come\u00e7a nesta segunda-feira, dia 27 de maio, e segue at\u00e9 o dia 7 de junho. Os interessados em participar do certame devem se candidatar pela P\u00e1gina do Participante, usando o n\u00famero do CPF e a senha do portal do Gov.br.O Instituto Nacional de Estudos e Pesquisas Educacionais An\u00edsio Teixeira (Inep) informou que o per\u00edodo para pagamento da taxa de R$ 85 tamb\u00e9m inicia nessa data, e&hellip;<\/p>\n","protected":false},"author":1,"featured_media":32774,"comment_status":"open","ping_status":"open","sticky":false,"template":"","format":"standard","meta":{"footnotes":""},"categories":[1],"tags":[],"class_list":["post-32773","post","type-post","status-publish","format-standard","has-post-thumbnail","hentry","category-noticias"],"_links":{"self":[{"href":"https:\/\/blogdorogeriogomes.com.br\/noticias\/wp-json\/wp\/v2\/posts\/32773","targetHints":{"allow":["GET"]}}],"collection":[{"href":"https:\/\/blogdorogeriogomes.com.br\/noticias\/wp-json\/wp\/v2\/posts"}],"about":[{"href":"https:\/\/blogdorogeriogomes.com.br\/noticias\/wp-json\/wp\/v2\/types\/post"}],"author":[{"embeddable":true,"href":"https:\/\/blogdorogeriogomes.com.br\/noticias\/wp-json\/wp\/v2\/users\/1"}],"replies":[{"embeddable":true,"href":"https:\/\/blogdorogeriogomes.com.br\/noticias\/wp-json\/wp\/v2\/comments?post=32773"}],"version-history":[{"count":1,"href":"https:\/\/blogdorogeriogomes.com.br\/noticias\/wp-json\/wp\/v2\/posts\/32773\/revisions"}],"predecessor-version":[{"id":32775,"href":"https:\/\/blogdorogeriogomes.com.br\/noticias\/wp-json\/wp\/v2\/posts\/32773\/revisions\/32775"}],"wp:featuredmedia":[{"embeddable":true,"href":"https:\/\/blogdorogeriogomes.com.br\/noticias\/wp-json\/wp\/v2\/media\/32774"}],"wp:attachment":[{"href":"https:\/\/blogdorogeriogomes.com.br\/noticias\/wp-json\/wp\/v2\/media?parent=32773"}],"wp:term":[{"taxonomy":"category","embeddable":true,"href":"https:\/\/blogdorogeriogomes.com.br\/noticias\/wp-json\/wp\/v2\/categories?post=32773"},{"taxonomy":"post_tag","embeddable":true,"href":"https:\/\/blogdorogeriogomes.com.br\/noticias\/wp-json\/wp\/v2\/tags?post=32773"}],"curies":[{"name":"wp","href":"https:\/\/api.w.org\/{rel}","templated":true}]}}