{"id":32782,"date":"2024-05-27T13:23:37","date_gmt":"2024-05-27T13:23:37","guid":{"rendered":"https:\/\/blogdorogeriogomes.com.br\/noticias\/?p=32782"},"modified":"2024-05-27T13:23:37","modified_gmt":"2024-05-27T13:23:37","slug":"elmano-de-freitas-anuncia-mudanca-no-comando-da-seguranca-publica-do-ceara-roberto-sa-e-o-novo-secretario-da-sspds","status":"publish","type":"post","link":"https:\/\/blogdorogeriogomes.com.br\/noticias\/2024\/05\/elmano-de-freitas-anuncia-mudanca-no-comando-da-seguranca-publica-do-ceara-roberto-sa-e-o-novo-secretario-da-sspds\/","title":{"rendered":"Elmano de Freitas anuncia mudan\u00e7a no comando da seguran\u00e7a p\u00fablica do Cear\u00e1. Roberto S\u00e1 \u00e9 o novo secret\u00e1rio da SSPDS"},"content":{"rendered":"\n<p>Em busca de melhorar os n\u00fameros no setor de seguran\u00e7a p\u00fablica no Cear\u00e1, o governador Elmano de Freitas anunciou, nesta segunda-feira, dia 27 de maio, a mudan\u00e7a no comando da Secretaria da Seguran\u00e7a P\u00fablica do Estado (SSPDS). O delegado Roberto S\u00e1 assume o cargo no lugar Samuel El\u00e2nio.\u00a0<\/p>\n\n\n\n<p>Em mensagem publicada nas redes sociais, o governador Elmano de Freitas agradeceu os servi\u00e7os prestados por Samuel El\u00e2nio e desejou sucesso ao novo secret\u00e1rio Roberto S\u00e1 &#8220;na miss\u00e3o de enfrentar fortemente a criminalidade e proteger os mais de nove milh\u00f5es de cearenses&#8221;.<\/p>\n\n\n\n<p>Os casos de viol\u00eancia urbana em Fortaleza e no interior do Estado t\u00eam sido um dos maiores desafios do governador Elmano de Freitas na sua  gest\u00e3o \u00e0 frente do Pal\u00e1cio da Aboli\u00e7\u00e3o.<br><\/p>\n\n\n\n<figure class=\"wp-block-image size-full\"><img loading=\"lazy\" decoding=\"async\" width=\"750\" height=\"500\" src=\"https:\/\/blogdorogeriogomes.com.br\/noticias\/wp-content\/uploads\/2024\/05\/1_whatsapp_image_2024_05_27_at_10_11_27-27149079.jpeg\" alt=\"\" class=\"wp-image-32783\" srcset=\"https:\/\/blogdorogeriogomes.com.br\/noticias\/wp-content\/uploads\/2024\/05\/1_whatsapp_image_2024_05_27_at_10_11_27-27149079.jpeg 750w, https:\/\/blogdorogeriogomes.com.br\/noticias\/wp-content\/uploads\/2024\/05\/1_whatsapp_image_2024_05_27_at_10_11_27-27149079-300x200.jpeg 300w\" sizes=\"auto, (max-width: 750px) 100vw, 750px\" \/><\/figure>\n","protected":false},"excerpt":{"rendered":"<p>Em busca de melhorar os n\u00fameros no setor de seguran\u00e7a p\u00fablica no Cear\u00e1, o governador Elmano de Freitas anunciou, nesta segunda-feira, dia 27 de maio, a mudan\u00e7a no comando da Secretaria da Seguran\u00e7a P\u00fablica do Estado (SSPDS). O delegado Roberto S\u00e1 assume o cargo no lugar Samuel El\u00e2nio.\u00a0 Em mensagem publicada nas redes sociais, o governador Elmano de Freitas agradeceu os servi\u00e7os prestados por Samuel El\u00e2nio e desejou sucesso ao novo secret\u00e1rio Roberto S\u00e1 &#8220;na miss\u00e3o de enfrentar fortemente&hellip;<\/p>\n","protected":false},"author":1,"featured_media":32783,"comment_status":"open","ping_status":"open","sticky":false,"template":"","format":"standard","meta":{"footnotes":""},"categories":[1],"tags":[],"class_list":["post-32782","post","type-post","status-publish","format-standard","has-post-thumbnail","hentry","category-noticias"],"_links":{"self":[{"href":"https:\/\/blogdorogeriogomes.com.br\/noticias\/wp-json\/wp\/v2\/posts\/32782","targetHints":{"allow":["GET"]}}],"collection":[{"href":"https:\/\/blogdorogeriogomes.com.br\/noticias\/wp-json\/wp\/v2\/posts"}],"about":[{"href":"https:\/\/blogdorogeriogomes.com.br\/noticias\/wp-json\/wp\/v2\/types\/post"}],"author":[{"embeddable":true,"href":"https:\/\/blogdorogeriogomes.com.br\/noticias\/wp-json\/wp\/v2\/users\/1"}],"replies":[{"embeddable":true,"href":"https:\/\/blogdorogeriogomes.com.br\/noticias\/wp-json\/wp\/v2\/comments?post=32782"}],"version-history":[{"count":1,"href":"https:\/\/blogdorogeriogomes.com.br\/noticias\/wp-json\/wp\/v2\/posts\/32782\/revisions"}],"predecessor-version":[{"id":32784,"href":"https:\/\/blogdorogeriogomes.com.br\/noticias\/wp-json\/wp\/v2\/posts\/32782\/revisions\/32784"}],"wp:featuredmedia":[{"embeddable":true,"href":"https:\/\/blogdorogeriogomes.com.br\/noticias\/wp-json\/wp\/v2\/media\/32783"}],"wp:attachment":[{"href":"https:\/\/blogdorogeriogomes.com.br\/noticias\/wp-json\/wp\/v2\/media?parent=32782"}],"wp:term":[{"taxonomy":"category","embeddable":true,"href":"https:\/\/blogdorogeriogomes.com.br\/noticias\/wp-json\/wp\/v2\/categories?post=32782"},{"taxonomy":"post_tag","embeddable":true,"href":"https:\/\/blogdorogeriogomes.com.br\/noticias\/wp-json\/wp\/v2\/tags?post=32782"}],"curies":[{"name":"wp","href":"https:\/\/api.w.org\/{rel}","templated":true}]}}