{"id":32786,"date":"2024-05-28T00:02:07","date_gmt":"2024-05-28T00:02:07","guid":{"rendered":"https:\/\/blogdorogeriogomes.com.br\/noticias\/?p=32786"},"modified":"2024-05-28T00:02:07","modified_gmt":"2024-05-28T00:02:07","slug":"governo-estadual-tem-mais-oito-mudancas-em-secretarias-e-orgaos-da-gestao-elmano-de-freitas","status":"publish","type":"post","link":"https:\/\/blogdorogeriogomes.com.br\/noticias\/2024\/05\/governo-estadual-tem-mais-oito-mudancas-em-secretarias-e-orgaos-da-gestao-elmano-de-freitas\/","title":{"rendered":"Governo Estadual tem mais oito mudan\u00e7as em secretarias e \u00f3rg\u00e3os da gest\u00e3o Elmano de Freitas"},"content":{"rendered":"\n<p>Depois da \u00e1rea de seguran\u00e7a p\u00fablica, mais oito mudan\u00e7as no comando de pastas e \u00f3rg\u00e3os do Cear\u00e1 foram confirmadas pelo governador Elmano de Freitas (PT) no fim da tarde desta segunda-feira, dia 27 de maio. O desejo de fazer altera\u00e7\u00f5es no secretariado estadual j\u00e1 tinha sido falado pelo governador, que pretende dar mais agilidade nas a\u00e7\u00f5es de algumas pastas.<\/p>\n\n\n\n<p>Confira as mudan\u00e7as:<br>Secretaria do Planejamento e Gest\u00e3o: sai Sandra Machado e assume Alexandre Cialdini;<br>Secretaria da Infraestrutura: sai Ant\u00f4nio Nei e assume H\u00e9lio Winston<br>Secretaria da Cultura: sai Luisa Cela e assume Gec\u00edola Fonseca Torres, atual secret\u00e1ria-executiva de Planejamento e Gest\u00e3o Interna;<br>Zona de Processamento de Exporta\u00e7\u00e3o (ZPE): sai H\u00e9lio Winston e assume F\u00e1bio Feij\u00f3;<br>Superintend\u00eancia de Obras P\u00fablicas (SOP): sai Quintino Vieira e assume Jos\u00e9 Valdeci Rebou\u00e7as;<br>Empresa de Tecnologia da Informa\u00e7\u00e3o (Etice): sai Jos\u00e9 Valdeci Rebou\u00e7as e assume Francisco Barbosa;<br>CearaPAR: sai Carlos Eduardo S. Marino e assume Carolina Monteiro;<br>CearaPREV: sai Jos\u00e9 Juarez e assume Adriano Pinheiro.<\/p>\n\n\n\n<figure class=\"wp-block-image size-full\"><img loading=\"lazy\" decoding=\"async\" width=\"540\" height=\"304\" src=\"https:\/\/blogdorogeriogomes.com.br\/noticias\/wp-content\/uploads\/2024\/05\/palacio-da-abolicao-sede-do-governo-do-ceara-tiago-stille-governo-do-ceara.png\" alt=\"\" class=\"wp-image-32787\" srcset=\"https:\/\/blogdorogeriogomes.com.br\/noticias\/wp-content\/uploads\/2024\/05\/palacio-da-abolicao-sede-do-governo-do-ceara-tiago-stille-governo-do-ceara.png 540w, https:\/\/blogdorogeriogomes.com.br\/noticias\/wp-content\/uploads\/2024\/05\/palacio-da-abolicao-sede-do-governo-do-ceara-tiago-stille-governo-do-ceara-300x169.png 300w\" sizes=\"auto, (max-width: 540px) 100vw, 540px\" \/><\/figure>\n","protected":false},"excerpt":{"rendered":"<p>Depois da \u00e1rea de seguran\u00e7a p\u00fablica, mais oito mudan\u00e7as no comando de pastas e \u00f3rg\u00e3os do Cear\u00e1 foram confirmadas pelo governador Elmano de Freitas (PT) no fim da tarde desta segunda-feira, dia 27 de maio. O desejo de fazer altera\u00e7\u00f5es no secretariado estadual j\u00e1 tinha sido falado pelo governador, que pretende dar mais agilidade nas a\u00e7\u00f5es de algumas pastas. Confira as mudan\u00e7as:Secretaria do Planejamento e Gest\u00e3o: sai Sandra Machado e assume Alexandre Cialdini;Secretaria da Infraestrutura: sai Ant\u00f4nio Nei e&hellip;<\/p>\n","protected":false},"author":1,"featured_media":32787,"comment_status":"open","ping_status":"open","sticky":false,"template":"","format":"standard","meta":{"footnotes":""},"categories":[1],"tags":[],"class_list":["post-32786","post","type-post","status-publish","format-standard","has-post-thumbnail","hentry","category-noticias"],"_links":{"self":[{"href":"https:\/\/blogdorogeriogomes.com.br\/noticias\/wp-json\/wp\/v2\/posts\/32786","targetHints":{"allow":["GET"]}}],"collection":[{"href":"https:\/\/blogdorogeriogomes.com.br\/noticias\/wp-json\/wp\/v2\/posts"}],"about":[{"href":"https:\/\/blogdorogeriogomes.com.br\/noticias\/wp-json\/wp\/v2\/types\/post"}],"author":[{"embeddable":true,"href":"https:\/\/blogdorogeriogomes.com.br\/noticias\/wp-json\/wp\/v2\/users\/1"}],"replies":[{"embeddable":true,"href":"https:\/\/blogdorogeriogomes.com.br\/noticias\/wp-json\/wp\/v2\/comments?post=32786"}],"version-history":[{"count":1,"href":"https:\/\/blogdorogeriogomes.com.br\/noticias\/wp-json\/wp\/v2\/posts\/32786\/revisions"}],"predecessor-version":[{"id":32788,"href":"https:\/\/blogdorogeriogomes.com.br\/noticias\/wp-json\/wp\/v2\/posts\/32786\/revisions\/32788"}],"wp:featuredmedia":[{"embeddable":true,"href":"https:\/\/blogdorogeriogomes.com.br\/noticias\/wp-json\/wp\/v2\/media\/32787"}],"wp:attachment":[{"href":"https:\/\/blogdorogeriogomes.com.br\/noticias\/wp-json\/wp\/v2\/media?parent=32786"}],"wp:term":[{"taxonomy":"category","embeddable":true,"href":"https:\/\/blogdorogeriogomes.com.br\/noticias\/wp-json\/wp\/v2\/categories?post=32786"},{"taxonomy":"post_tag","embeddable":true,"href":"https:\/\/blogdorogeriogomes.com.br\/noticias\/wp-json\/wp\/v2\/tags?post=32786"}],"curies":[{"name":"wp","href":"https:\/\/api.w.org\/{rel}","templated":true}]}}