{"id":32789,"date":"2024-05-28T11:26:56","date_gmt":"2024-05-28T11:26:56","guid":{"rendered":"https:\/\/blogdorogeriogomes.com.br\/noticias\/?p=32789"},"modified":"2024-05-28T11:26:56","modified_gmt":"2024-05-28T11:26:56","slug":"ex-secretaria-de-cultura-do-estado-luisa-cela-e-cotada-para-ser-a-vice-de-evandro-leitao-na-disputa-pela-prefeitura-de-fortaleza","status":"publish","type":"post","link":"https:\/\/blogdorogeriogomes.com.br\/noticias\/2024\/05\/ex-secretaria-de-cultura-do-estado-luisa-cela-e-cotada-para-ser-a-vice-de-evandro-leitao-na-disputa-pela-prefeitura-de-fortaleza\/","title":{"rendered":"Ex-secret\u00e1ria de Cultura do Estado, Luisa Cela, \u00e9 cotada para ser a vice de Evandro Leit\u00e3o na disputa pela Prefeitura de Fortaleza"},"content":{"rendered":"\n<p>A ex-secret\u00e1ria de Cultura do Cear\u00e1, Luisa Cela (PSB), deixou o cargo nas mudan\u00e7as anunciadas pelo governador Elmano de Freitas (PT). Mas a sa\u00edda de Luisa Cela, que \u00e9 filiada ao PSB, pode ter rela\u00e7\u00e3o com as elei\u00e7\u00f5es municipais de 2024. Ela \u00e9 cotada para ser a candidata a vice-prefeita na chapa de Evandro Leit\u00e3o (PT). <\/p>\n\n\n\n<p>A sa\u00edda do comando da Secretaria de Cultura do Estado cumpre o prazo de descompatilidade pedido pelo Tribunal Superior Eleitoral (TSE) para candidaturas, j\u00e1 que, como secret\u00e1ria, ela deveria sair at\u00e9 quatro meses antes da elei\u00e7\u00e3o.<\/p>\n\n\n\n<p>Luisa \u00e9 filha da ex-governadora e secret\u00e1ria-executiva do Minist\u00e9rio da Educa\u00e7\u00e3o, Izolda Cela (PSB). Hoje, Izolda \u00e9 cotada para concorrer \u00e0 Prefeitura de Sobral com o apoio do atual prefeito Ivo Gomes e do senador Cid Gomes.<br><\/p>\n\n\n\n<figure class=\"wp-block-image size-full\"><img loading=\"lazy\" decoding=\"async\" width=\"678\" height=\"452\" src=\"https:\/\/blogdorogeriogomes.com.br\/noticias\/wp-content\/uploads\/2024\/05\/images-28.jpeg\" alt=\"\" class=\"wp-image-32790\" srcset=\"https:\/\/blogdorogeriogomes.com.br\/noticias\/wp-content\/uploads\/2024\/05\/images-28.jpeg 678w, https:\/\/blogdorogeriogomes.com.br\/noticias\/wp-content\/uploads\/2024\/05\/images-28-300x200.jpeg 300w\" sizes=\"auto, (max-width: 678px) 100vw, 678px\" \/><\/figure>\n","protected":false},"excerpt":{"rendered":"<p>A ex-secret\u00e1ria de Cultura do Cear\u00e1, Luisa Cela (PSB), deixou o cargo nas mudan\u00e7as anunciadas pelo governador Elmano de Freitas (PT). Mas a sa\u00edda de Luisa Cela, que \u00e9 filiada ao PSB, pode ter rela\u00e7\u00e3o com as elei\u00e7\u00f5es municipais de 2024. Ela \u00e9 cotada para ser a candidata a vice-prefeita na chapa de Evandro Leit\u00e3o (PT). A sa\u00edda do comando da Secretaria de Cultura do Estado cumpre o prazo de descompatilidade pedido pelo Tribunal Superior Eleitoral (TSE) para candidaturas,&hellip;<\/p>\n","protected":false},"author":1,"featured_media":32790,"comment_status":"open","ping_status":"open","sticky":false,"template":"","format":"standard","meta":{"footnotes":""},"categories":[1],"tags":[],"class_list":["post-32789","post","type-post","status-publish","format-standard","has-post-thumbnail","hentry","category-noticias"],"_links":{"self":[{"href":"https:\/\/blogdorogeriogomes.com.br\/noticias\/wp-json\/wp\/v2\/posts\/32789","targetHints":{"allow":["GET"]}}],"collection":[{"href":"https:\/\/blogdorogeriogomes.com.br\/noticias\/wp-json\/wp\/v2\/posts"}],"about":[{"href":"https:\/\/blogdorogeriogomes.com.br\/noticias\/wp-json\/wp\/v2\/types\/post"}],"author":[{"embeddable":true,"href":"https:\/\/blogdorogeriogomes.com.br\/noticias\/wp-json\/wp\/v2\/users\/1"}],"replies":[{"embeddable":true,"href":"https:\/\/blogdorogeriogomes.com.br\/noticias\/wp-json\/wp\/v2\/comments?post=32789"}],"version-history":[{"count":1,"href":"https:\/\/blogdorogeriogomes.com.br\/noticias\/wp-json\/wp\/v2\/posts\/32789\/revisions"}],"predecessor-version":[{"id":32791,"href":"https:\/\/blogdorogeriogomes.com.br\/noticias\/wp-json\/wp\/v2\/posts\/32789\/revisions\/32791"}],"wp:featuredmedia":[{"embeddable":true,"href":"https:\/\/blogdorogeriogomes.com.br\/noticias\/wp-json\/wp\/v2\/media\/32790"}],"wp:attachment":[{"href":"https:\/\/blogdorogeriogomes.com.br\/noticias\/wp-json\/wp\/v2\/media?parent=32789"}],"wp:term":[{"taxonomy":"category","embeddable":true,"href":"https:\/\/blogdorogeriogomes.com.br\/noticias\/wp-json\/wp\/v2\/categories?post=32789"},{"taxonomy":"post_tag","embeddable":true,"href":"https:\/\/blogdorogeriogomes.com.br\/noticias\/wp-json\/wp\/v2\/tags?post=32789"}],"curies":[{"name":"wp","href":"https:\/\/api.w.org\/{rel}","templated":true}]}}