{"id":32792,"date":"2024-05-28T11:44:54","date_gmt":"2024-05-28T11:44:54","guid":{"rendered":"https:\/\/blogdorogeriogomes.com.br\/noticias\/?p=32792"},"modified":"2024-05-28T11:44:55","modified_gmt":"2024-05-28T11:44:55","slug":"governo-do-ceara-inaugura-vila-social-do-genibau-em-fortaleza","status":"publish","type":"post","link":"https:\/\/blogdorogeriogomes.com.br\/noticias\/2024\/05\/governo-do-ceara-inaugura-vila-social-do-genibau-em-fortaleza\/","title":{"rendered":"Governo do Cear\u00e1 inaugura Vila Social do Geniba\u00fa, em Fortaleza"},"content":{"rendered":"\n<p>O governador Elmano de Freitas inaugura, nesta quarta-feira, dia 29 de maio, a Vila Social do Geniba\u00fa, em Fortaleza. O investimento do Governo do Cear\u00e1 no equipamento foi de quase R$ 4,3 milh\u00f5es.<\/p>\n\n\n\n<p>O espa\u00e7o disp\u00f5e de academia ao ar livre, brinquedopra\u00e7a, areninha, quadra de areia para v\u00f4lei de praia e beach t\u00eanis, quadra poliesportiva, salas de ritmos, de inform\u00e1tica e multiuso.<\/p>\n\n\n\n<p>O equipamento amplia os espa\u00e7os de inclus\u00e3o social da cidade, com atendimento para a comunidade em geral, em uma programa\u00e7\u00e3o que aliar\u00e1 oficinas esportivas a atividades de qualifica\u00e7\u00e3o profissional, oficinas de cultura e lazer, como dan\u00e7a e ritmos.<\/p>\n\n\n\n<figure class=\"wp-block-image size-full\"><img loading=\"lazy\" decoding=\"async\" width=\"739\" height=\"415\" src=\"https:\/\/blogdorogeriogomes.com.br\/noticias\/wp-content\/uploads\/2024\/05\/images-29.jpeg\" alt=\"\" class=\"wp-image-32793\" srcset=\"https:\/\/blogdorogeriogomes.com.br\/noticias\/wp-content\/uploads\/2024\/05\/images-29.jpeg 739w, https:\/\/blogdorogeriogomes.com.br\/noticias\/wp-content\/uploads\/2024\/05\/images-29-300x168.jpeg 300w\" sizes=\"auto, (max-width: 739px) 100vw, 739px\" \/><\/figure>\n","protected":false},"excerpt":{"rendered":"<p>O governador Elmano de Freitas inaugura, nesta quarta-feira, dia 29 de maio, a Vila Social do Geniba\u00fa, em Fortaleza. O investimento do Governo do Cear\u00e1 no equipamento foi de quase R$ 4,3 milh\u00f5es. O espa\u00e7o disp\u00f5e de academia ao ar livre, brinquedopra\u00e7a, areninha, quadra de areia para v\u00f4lei de praia e beach t\u00eanis, quadra poliesportiva, salas de ritmos, de inform\u00e1tica e multiuso. O equipamento amplia os espa\u00e7os de inclus\u00e3o social da cidade, com atendimento para a comunidade em geral,&hellip;<\/p>\n","protected":false},"author":1,"featured_media":32793,"comment_status":"open","ping_status":"open","sticky":false,"template":"","format":"standard","meta":{"footnotes":""},"categories":[1],"tags":[],"class_list":["post-32792","post","type-post","status-publish","format-standard","has-post-thumbnail","hentry","category-noticias"],"_links":{"self":[{"href":"https:\/\/blogdorogeriogomes.com.br\/noticias\/wp-json\/wp\/v2\/posts\/32792","targetHints":{"allow":["GET"]}}],"collection":[{"href":"https:\/\/blogdorogeriogomes.com.br\/noticias\/wp-json\/wp\/v2\/posts"}],"about":[{"href":"https:\/\/blogdorogeriogomes.com.br\/noticias\/wp-json\/wp\/v2\/types\/post"}],"author":[{"embeddable":true,"href":"https:\/\/blogdorogeriogomes.com.br\/noticias\/wp-json\/wp\/v2\/users\/1"}],"replies":[{"embeddable":true,"href":"https:\/\/blogdorogeriogomes.com.br\/noticias\/wp-json\/wp\/v2\/comments?post=32792"}],"version-history":[{"count":1,"href":"https:\/\/blogdorogeriogomes.com.br\/noticias\/wp-json\/wp\/v2\/posts\/32792\/revisions"}],"predecessor-version":[{"id":32794,"href":"https:\/\/blogdorogeriogomes.com.br\/noticias\/wp-json\/wp\/v2\/posts\/32792\/revisions\/32794"}],"wp:featuredmedia":[{"embeddable":true,"href":"https:\/\/blogdorogeriogomes.com.br\/noticias\/wp-json\/wp\/v2\/media\/32793"}],"wp:attachment":[{"href":"https:\/\/blogdorogeriogomes.com.br\/noticias\/wp-json\/wp\/v2\/media?parent=32792"}],"wp:term":[{"taxonomy":"category","embeddable":true,"href":"https:\/\/blogdorogeriogomes.com.br\/noticias\/wp-json\/wp\/v2\/categories?post=32792"},{"taxonomy":"post_tag","embeddable":true,"href":"https:\/\/blogdorogeriogomes.com.br\/noticias\/wp-json\/wp\/v2\/tags?post=32792"}],"curies":[{"name":"wp","href":"https:\/\/api.w.org\/{rel}","templated":true}]}}