{"id":32801,"date":"2024-05-29T13:19:32","date_gmt":"2024-05-29T13:19:32","guid":{"rendered":"https:\/\/blogdorogeriogomes.com.br\/noticias\/?p=32801"},"modified":"2024-05-29T13:19:32","modified_gmt":"2024-05-29T13:19:32","slug":"em-parceria-com-estados-e-municipios-lula-reforca-meta-de-alfabetizar-80-das-criancas-na-idade-adequada-ate-2030-no-ceara-97-das-criancas-foram-alfabetizadas-em-2023","status":"publish","type":"post","link":"https:\/\/blogdorogeriogomes.com.br\/noticias\/2024\/05\/em-parceria-com-estados-e-municipios-lula-reforca-meta-de-alfabetizar-80-das-criancas-na-idade-adequada-ate-2030-no-ceara-97-das-criancas-foram-alfabetizadas-em-2023\/","title":{"rendered":"Em parceria com estados e munic\u00edpios, Lula refor\u00e7a meta de alfabetizar 80% das crian\u00e7as na idade adequada at\u00e9 2030. No Cear\u00e1, 97% das crian\u00e7as foram alfabetizadas em 2023"},"content":{"rendered":"\n<p>Em reuni\u00e3o do presidente Luiz In\u00e1cio Lula da Silva com governadores no Pal\u00e1cio do Planalto, o ministro da Educa\u00e7\u00e3o, Camilo Santana, apresentou os dados do primeiro Relat\u00f3rio de resultados do Indicador Crian\u00e7a Alfabetizada. Em 2023, 56% das crian\u00e7as brasileiras alcan\u00e7aram o patamar de alfabetiza\u00e7\u00e3o definido pelo Instituto Nacional de Estudos e Pesquisas Educacionais (Inep) para o segundo ano do ensino fundamental. O percentual supera o \u00edndice pr\u00e9-pandemia.<\/p>\n\n\n\n<p>Lula ressaltou que os governadores e prefeitos, em parceria com o Governo Federal, assumiram o compromisso de atingir o \u00edndice de 80% de crian\u00e7as alfabetizadas na idade certa at\u00e9 2030. \u201cEstamos aqui assumindo o compromisso de transformar pessoas, para que essas pessoas transformem o mundo, com educa\u00e7\u00e3o de qualidade da creche ao ensino universit\u00e1rio\u201d, declarou o presidente.<\/p>\n\n\n\n<p>No Cear\u00e1, um total de 97,1% das crian\u00e7as matriculadas no 2\u00ba ano do Ensino Fundamental conclu\u00edram o ano letivo em 2023 alfabetizadas. Os dados s\u00e3o do Sistema Permanente de Avalia\u00e7\u00e3o da Educa\u00e7\u00e3o B\u00e1sica do Estado do Cear\u00e1 (Spaece) aplicado no ano passado. A an\u00e1lise dos resultados aponta que o Cear\u00e1 segue consolidando o processo de alfabetiza\u00e7\u00e3o no Cear\u00e1.\u00a0<\/p>\n\n\n\n<figure class=\"wp-block-image size-large\"><img loading=\"lazy\" decoding=\"async\" width=\"1024\" height=\"581\" src=\"https:\/\/blogdorogeriogomes.com.br\/noticias\/wp-content\/uploads\/2024\/05\/IMG-20240529-WA0051-1024x581.jpg\" alt=\"\" class=\"wp-image-32802\" srcset=\"https:\/\/blogdorogeriogomes.com.br\/noticias\/wp-content\/uploads\/2024\/05\/IMG-20240529-WA0051-1024x581.jpg 1024w, https:\/\/blogdorogeriogomes.com.br\/noticias\/wp-content\/uploads\/2024\/05\/IMG-20240529-WA0051-300x170.jpg 300w, https:\/\/blogdorogeriogomes.com.br\/noticias\/wp-content\/uploads\/2024\/05\/IMG-20240529-WA0051-768x436.jpg 768w, https:\/\/blogdorogeriogomes.com.br\/noticias\/wp-content\/uploads\/2024\/05\/IMG-20240529-WA0051-800x454.jpg 800w, https:\/\/blogdorogeriogomes.com.br\/noticias\/wp-content\/uploads\/2024\/05\/IMG-20240529-WA0051.jpg 1080w\" sizes=\"auto, (max-width: 1024px) 100vw, 1024px\" \/><\/figure>\n","protected":false},"excerpt":{"rendered":"<p>Em reuni\u00e3o do presidente Luiz In\u00e1cio Lula da Silva com governadores no Pal\u00e1cio do Planalto, o ministro da Educa\u00e7\u00e3o, Camilo Santana, apresentou os dados do primeiro Relat\u00f3rio de resultados do Indicador Crian\u00e7a Alfabetizada. Em 2023, 56% das crian\u00e7as brasileiras alcan\u00e7aram o patamar de alfabetiza\u00e7\u00e3o definido pelo Instituto Nacional de Estudos e Pesquisas Educacionais (Inep) para o segundo ano do ensino fundamental. O percentual supera o \u00edndice pr\u00e9-pandemia. Lula ressaltou que os governadores e prefeitos, em parceria com o Governo&hellip;<\/p>\n","protected":false},"author":1,"featured_media":32802,"comment_status":"open","ping_status":"open","sticky":false,"template":"","format":"standard","meta":{"footnotes":""},"categories":[1],"tags":[],"class_list":["post-32801","post","type-post","status-publish","format-standard","has-post-thumbnail","hentry","category-noticias"],"_links":{"self":[{"href":"https:\/\/blogdorogeriogomes.com.br\/noticias\/wp-json\/wp\/v2\/posts\/32801","targetHints":{"allow":["GET"]}}],"collection":[{"href":"https:\/\/blogdorogeriogomes.com.br\/noticias\/wp-json\/wp\/v2\/posts"}],"about":[{"href":"https:\/\/blogdorogeriogomes.com.br\/noticias\/wp-json\/wp\/v2\/types\/post"}],"author":[{"embeddable":true,"href":"https:\/\/blogdorogeriogomes.com.br\/noticias\/wp-json\/wp\/v2\/users\/1"}],"replies":[{"embeddable":true,"href":"https:\/\/blogdorogeriogomes.com.br\/noticias\/wp-json\/wp\/v2\/comments?post=32801"}],"version-history":[{"count":1,"href":"https:\/\/blogdorogeriogomes.com.br\/noticias\/wp-json\/wp\/v2\/posts\/32801\/revisions"}],"predecessor-version":[{"id":32803,"href":"https:\/\/blogdorogeriogomes.com.br\/noticias\/wp-json\/wp\/v2\/posts\/32801\/revisions\/32803"}],"wp:featuredmedia":[{"embeddable":true,"href":"https:\/\/blogdorogeriogomes.com.br\/noticias\/wp-json\/wp\/v2\/media\/32802"}],"wp:attachment":[{"href":"https:\/\/blogdorogeriogomes.com.br\/noticias\/wp-json\/wp\/v2\/media?parent=32801"}],"wp:term":[{"taxonomy":"category","embeddable":true,"href":"https:\/\/blogdorogeriogomes.com.br\/noticias\/wp-json\/wp\/v2\/categories?post=32801"},{"taxonomy":"post_tag","embeddable":true,"href":"https:\/\/blogdorogeriogomes.com.br\/noticias\/wp-json\/wp\/v2\/tags?post=32801"}],"curies":[{"name":"wp","href":"https:\/\/api.w.org\/{rel}","templated":true}]}}