{"id":32807,"date":"2024-05-29T13:35:24","date_gmt":"2024-05-29T13:35:24","guid":{"rendered":"https:\/\/blogdorogeriogomes.com.br\/noticias\/?p=32807"},"modified":"2024-05-29T13:35:25","modified_gmt":"2024-05-29T13:35:25","slug":"prefeitura-de-fortaleza-inaugura-novo-posto-de-saude-no-jose-walter-para-beneficiar-11-mil-pessoas","status":"publish","type":"post","link":"https:\/\/blogdorogeriogomes.com.br\/noticias\/2024\/05\/prefeitura-de-fortaleza-inaugura-novo-posto-de-saude-no-jose-walter-para-beneficiar-11-mil-pessoas\/","title":{"rendered":"Prefeitura de Fortaleza inaugura novo posto de sa\u00fade no Jos\u00e9 Walter para beneficiar 11 mil pessoas"},"content":{"rendered":"\n<p>A Prefeitura de Fortaleza entrega o novo posto de sa\u00fade Fernando Uch\u00f4a Costa, nesta quarta-feira, dia 29 de maio. O equipamento, localizado no Jos\u00e9 Walter, acolher\u00e1 a popula\u00e7\u00e3o e os profissionais que atuam na Aten\u00e7\u00e3o Prim\u00e1ria \u00e0 Sa\u00fade da Regional de Sa\u00fade V.<\/p>\n\n\n\n<p>A unidade beneficiar\u00e1 cerca de 11 mil pessoas do bairro e seu entorno. As obras foram executadas pela Secretaria Municipal da Infraestrutura (Seinf) e receberam investimento de R$ 1,4 milh\u00e3o.<\/p>\n\n\n\n<p>A entrega faz parte do pacote de investimento na sa\u00fade lan\u00e7ado pelo prefeito Jos\u00e9 Sarto, que j\u00e1 entregou para os fortalezenses outros tr\u00eas novos postos, 17 reformados e um posto de sa\u00fade com requalifica\u00e7\u00e3o total, al\u00e9m das 6 carretas itinerantes, os 31 Tuk Tuks dos Rem\u00e9dios e diversos outros servi\u00e7os.<\/p>\n\n\n\n<figure class=\"wp-block-image size-full\"><img loading=\"lazy\" decoding=\"async\" width=\"678\" height=\"453\" src=\"https:\/\/blogdorogeriogomes.com.br\/noticias\/wp-content\/uploads\/2024\/05\/images-35.jpeg\" alt=\"\" class=\"wp-image-32808\" srcset=\"https:\/\/blogdorogeriogomes.com.br\/noticias\/wp-content\/uploads\/2024\/05\/images-35.jpeg 678w, https:\/\/blogdorogeriogomes.com.br\/noticias\/wp-content\/uploads\/2024\/05\/images-35-300x200.jpeg 300w\" sizes=\"auto, (max-width: 678px) 100vw, 678px\" \/><\/figure>\n","protected":false},"excerpt":{"rendered":"<p>A Prefeitura de Fortaleza entrega o novo posto de sa\u00fade Fernando Uch\u00f4a Costa, nesta quarta-feira, dia 29 de maio. O equipamento, localizado no Jos\u00e9 Walter, acolher\u00e1 a popula\u00e7\u00e3o e os profissionais que atuam na Aten\u00e7\u00e3o Prim\u00e1ria \u00e0 Sa\u00fade da Regional de Sa\u00fade V. A unidade beneficiar\u00e1 cerca de 11 mil pessoas do bairro e seu entorno. As obras foram executadas pela Secretaria Municipal da Infraestrutura (Seinf) e receberam investimento de R$ 1,4 milh\u00e3o. A entrega faz parte do pacote&hellip;<\/p>\n","protected":false},"author":1,"featured_media":32808,"comment_status":"open","ping_status":"open","sticky":false,"template":"","format":"standard","meta":{"footnotes":""},"categories":[1],"tags":[],"class_list":["post-32807","post","type-post","status-publish","format-standard","has-post-thumbnail","hentry","category-noticias"],"_links":{"self":[{"href":"https:\/\/blogdorogeriogomes.com.br\/noticias\/wp-json\/wp\/v2\/posts\/32807","targetHints":{"allow":["GET"]}}],"collection":[{"href":"https:\/\/blogdorogeriogomes.com.br\/noticias\/wp-json\/wp\/v2\/posts"}],"about":[{"href":"https:\/\/blogdorogeriogomes.com.br\/noticias\/wp-json\/wp\/v2\/types\/post"}],"author":[{"embeddable":true,"href":"https:\/\/blogdorogeriogomes.com.br\/noticias\/wp-json\/wp\/v2\/users\/1"}],"replies":[{"embeddable":true,"href":"https:\/\/blogdorogeriogomes.com.br\/noticias\/wp-json\/wp\/v2\/comments?post=32807"}],"version-history":[{"count":1,"href":"https:\/\/blogdorogeriogomes.com.br\/noticias\/wp-json\/wp\/v2\/posts\/32807\/revisions"}],"predecessor-version":[{"id":32809,"href":"https:\/\/blogdorogeriogomes.com.br\/noticias\/wp-json\/wp\/v2\/posts\/32807\/revisions\/32809"}],"wp:featuredmedia":[{"embeddable":true,"href":"https:\/\/blogdorogeriogomes.com.br\/noticias\/wp-json\/wp\/v2\/media\/32808"}],"wp:attachment":[{"href":"https:\/\/blogdorogeriogomes.com.br\/noticias\/wp-json\/wp\/v2\/media?parent=32807"}],"wp:term":[{"taxonomy":"category","embeddable":true,"href":"https:\/\/blogdorogeriogomes.com.br\/noticias\/wp-json\/wp\/v2\/categories?post=32807"},{"taxonomy":"post_tag","embeddable":true,"href":"https:\/\/blogdorogeriogomes.com.br\/noticias\/wp-json\/wp\/v2\/tags?post=32807"}],"curies":[{"name":"wp","href":"https:\/\/api.w.org\/{rel}","templated":true}]}}