{"id":32838,"date":"2024-05-31T15:30:23","date_gmt":"2024-05-31T15:30:23","guid":{"rendered":"https:\/\/blogdorogeriogomes.com.br\/noticias\/?p=32838"},"modified":"2024-05-31T15:30:24","modified_gmt":"2024-05-31T15:30:24","slug":"policia-federal-prende-suspeitos-de-ameacar-familia-do-ministro-do-stf-alexandre-de-moraes","status":"publish","type":"post","link":"https:\/\/blogdorogeriogomes.com.br\/noticias\/2024\/05\/policia-federal-prende-suspeitos-de-ameacar-familia-do-ministro-do-stf-alexandre-de-moraes\/","title":{"rendered":"Pol\u00edcia Federal prende suspeitos de amea\u00e7ar fam\u00edlia do ministro do STF, Alexandre de Moraes"},"content":{"rendered":"\n<p>A Pol\u00edcia Federal (PF) prendeu nesta sexta-feira, dia 31 de maio,dois suspeitos de amea\u00e7ar a fam\u00edlia do ministro Alexandre de Moraes, do Supremo Tribunal Federal (STF). Um dos suspeitos seria um fuzileiro naval. A PF n\u00e3o divulgou maiores detalhes sobre a identidade dos suspeitos ou o teor exato das amea\u00e7as.<\/p>\n\n\n\n<p>As pris\u00f5es ocorreram em S\u00e3o Paulo e no Rio de Janeiro e os alvos seriam irm\u00e3os. Uma das pris\u00f5es aconteceu na Vila Clementino, bairro nobre da Zona Sul da cidade de S\u00e3o Paulo. O outro foi preso no estado do Rio de Janeiro .<\/p>\n\n\n\n<figure class=\"wp-block-image size-full\"><img loading=\"lazy\" decoding=\"async\" width=\"745\" height=\"411\" src=\"https:\/\/blogdorogeriogomes.com.br\/noticias\/wp-content\/uploads\/2024\/05\/images-38.jpeg\" alt=\"\" class=\"wp-image-32839\" srcset=\"https:\/\/blogdorogeriogomes.com.br\/noticias\/wp-content\/uploads\/2024\/05\/images-38.jpeg 745w, https:\/\/blogdorogeriogomes.com.br\/noticias\/wp-content\/uploads\/2024\/05\/images-38-300x166.jpeg 300w\" sizes=\"auto, (max-width: 745px) 100vw, 745px\" \/><\/figure>\n","protected":false},"excerpt":{"rendered":"<p>A Pol\u00edcia Federal (PF) prendeu nesta sexta-feira, dia 31 de maio,dois suspeitos de amea\u00e7ar a fam\u00edlia do ministro Alexandre de Moraes, do Supremo Tribunal Federal (STF). Um dos suspeitos seria um fuzileiro naval. A PF n\u00e3o divulgou maiores detalhes sobre a identidade dos suspeitos ou o teor exato das amea\u00e7as. As pris\u00f5es ocorreram em S\u00e3o Paulo e no Rio de Janeiro e os alvos seriam irm\u00e3os. Uma das pris\u00f5es aconteceu na Vila Clementino, bairro nobre da Zona Sul da&hellip;<\/p>\n","protected":false},"author":1,"featured_media":32839,"comment_status":"open","ping_status":"open","sticky":false,"template":"","format":"standard","meta":{"footnotes":""},"categories":[1],"tags":[],"class_list":["post-32838","post","type-post","status-publish","format-standard","has-post-thumbnail","hentry","category-noticias"],"_links":{"self":[{"href":"https:\/\/blogdorogeriogomes.com.br\/noticias\/wp-json\/wp\/v2\/posts\/32838","targetHints":{"allow":["GET"]}}],"collection":[{"href":"https:\/\/blogdorogeriogomes.com.br\/noticias\/wp-json\/wp\/v2\/posts"}],"about":[{"href":"https:\/\/blogdorogeriogomes.com.br\/noticias\/wp-json\/wp\/v2\/types\/post"}],"author":[{"embeddable":true,"href":"https:\/\/blogdorogeriogomes.com.br\/noticias\/wp-json\/wp\/v2\/users\/1"}],"replies":[{"embeddable":true,"href":"https:\/\/blogdorogeriogomes.com.br\/noticias\/wp-json\/wp\/v2\/comments?post=32838"}],"version-history":[{"count":1,"href":"https:\/\/blogdorogeriogomes.com.br\/noticias\/wp-json\/wp\/v2\/posts\/32838\/revisions"}],"predecessor-version":[{"id":32840,"href":"https:\/\/blogdorogeriogomes.com.br\/noticias\/wp-json\/wp\/v2\/posts\/32838\/revisions\/32840"}],"wp:featuredmedia":[{"embeddable":true,"href":"https:\/\/blogdorogeriogomes.com.br\/noticias\/wp-json\/wp\/v2\/media\/32839"}],"wp:attachment":[{"href":"https:\/\/blogdorogeriogomes.com.br\/noticias\/wp-json\/wp\/v2\/media?parent=32838"}],"wp:term":[{"taxonomy":"category","embeddable":true,"href":"https:\/\/blogdorogeriogomes.com.br\/noticias\/wp-json\/wp\/v2\/categories?post=32838"},{"taxonomy":"post_tag","embeddable":true,"href":"https:\/\/blogdorogeriogomes.com.br\/noticias\/wp-json\/wp\/v2\/tags?post=32838"}],"curies":[{"name":"wp","href":"https:\/\/api.w.org\/{rel}","templated":true}]}}