{"id":32841,"date":"2024-06-03T10:41:08","date_gmt":"2024-06-03T10:41:08","guid":{"rendered":"https:\/\/blogdorogeriogomes.com.br\/noticias\/?p=32841"},"modified":"2024-06-03T10:41:09","modified_gmt":"2024-06-03T10:41:09","slug":"justica-federal-cassa-mandato-do-deputado-estadual-jeova-mota-por-improbidade-administrativa-quando-era-prefeito-de-tamboril","status":"publish","type":"post","link":"https:\/\/blogdorogeriogomes.com.br\/noticias\/2024\/06\/justica-federal-cassa-mandato-do-deputado-estadual-jeova-mota-por-improbidade-administrativa-quando-era-prefeito-de-tamboril\/","title":{"rendered":"Justi\u00e7a Federal cassa mandato do deputado estadual Jeov\u00e1 Mota por improbidade administrativa quando era prefeito de Tamboril"},"content":{"rendered":"\n<p>A Justi\u00e7a Federal, por meio da 22\u00aa Vara, localizada em Crate\u00fas, no interior do Cear\u00e1, determinou a cassa\u00e7\u00e3o do mandato do deputado estadual Jeov\u00e1 Mota (PDT). Ele \u00e9 alvo de uma a\u00e7\u00e3o de improbidade administrativa referente ao per\u00edodo em que era prefeito de Tamboril, cargo que ocupou por dois mandatos, entre 2005 e 2012.<\/p>\n\n\n\n<p>A decis\u00e3o estabelece que o pol\u00edtico, assim como o ex-secret\u00e1rio municipal da Sa\u00fade, Joaquim Gomes da Silva Neto, paguem o montante desviado, al\u00e9m de uma multa do mesmo valor.<\/p>\n\n\n\n<p>Eles ainda t\u00eam os direitos pol\u00edticos suspensos por cinco anos, perdem as fun\u00e7\u00f5es p\u00fablicas que estejam exercendo e ficam proibidos de contratar com o Poder P\u00fablico, receber benef\u00edcios, incentivos fiscais e credit\u00edcios pelo mesmo per\u00edodo.\u00a0Atualmente, o processo aguarda que o Minist\u00e9rio P\u00fablico Federal (MPF), autor da a\u00e7\u00e3o, pe\u00e7a a execu\u00e7\u00e3o da pena.\u00a0<\/p>\n\n\n\n<p>Jeov\u00e1 Mota, que foi eleito em 2022 com 68,8 mil votos, protestou sobre a decis\u00e3o. Ele disse que a ordem judicial \u201cocorreu sem o devido cumprimento do contradit\u00f3rio e ampla defesa\u201d.\u00a0<\/p>\n\n\n\n<figure class=\"wp-block-image size-full\"><img loading=\"lazy\" decoding=\"async\" width=\"679\" height=\"452\" src=\"https:\/\/blogdorogeriogomes.com.br\/noticias\/wp-content\/uploads\/2024\/06\/images-39.jpeg\" alt=\"\" class=\"wp-image-32842\" srcset=\"https:\/\/blogdorogeriogomes.com.br\/noticias\/wp-content\/uploads\/2024\/06\/images-39.jpeg 679w, https:\/\/blogdorogeriogomes.com.br\/noticias\/wp-content\/uploads\/2024\/06\/images-39-300x200.jpeg 300w\" sizes=\"auto, (max-width: 679px) 100vw, 679px\" \/><\/figure>\n","protected":false},"excerpt":{"rendered":"<p>A Justi\u00e7a Federal, por meio da 22\u00aa Vara, localizada em Crate\u00fas, no interior do Cear\u00e1, determinou a cassa\u00e7\u00e3o do mandato do deputado estadual Jeov\u00e1 Mota (PDT). Ele \u00e9 alvo de uma a\u00e7\u00e3o de improbidade administrativa referente ao per\u00edodo em que era prefeito de Tamboril, cargo que ocupou por dois mandatos, entre 2005 e 2012. A decis\u00e3o estabelece que o pol\u00edtico, assim como o ex-secret\u00e1rio municipal da Sa\u00fade, Joaquim Gomes da Silva Neto, paguem o montante desviado, al\u00e9m de uma&hellip;<\/p>\n","protected":false},"author":1,"featured_media":32842,"comment_status":"open","ping_status":"open","sticky":false,"template":"","format":"standard","meta":{"footnotes":""},"categories":[1],"tags":[],"class_list":["post-32841","post","type-post","status-publish","format-standard","has-post-thumbnail","hentry","category-noticias"],"_links":{"self":[{"href":"https:\/\/blogdorogeriogomes.com.br\/noticias\/wp-json\/wp\/v2\/posts\/32841","targetHints":{"allow":["GET"]}}],"collection":[{"href":"https:\/\/blogdorogeriogomes.com.br\/noticias\/wp-json\/wp\/v2\/posts"}],"about":[{"href":"https:\/\/blogdorogeriogomes.com.br\/noticias\/wp-json\/wp\/v2\/types\/post"}],"author":[{"embeddable":true,"href":"https:\/\/blogdorogeriogomes.com.br\/noticias\/wp-json\/wp\/v2\/users\/1"}],"replies":[{"embeddable":true,"href":"https:\/\/blogdorogeriogomes.com.br\/noticias\/wp-json\/wp\/v2\/comments?post=32841"}],"version-history":[{"count":1,"href":"https:\/\/blogdorogeriogomes.com.br\/noticias\/wp-json\/wp\/v2\/posts\/32841\/revisions"}],"predecessor-version":[{"id":32843,"href":"https:\/\/blogdorogeriogomes.com.br\/noticias\/wp-json\/wp\/v2\/posts\/32841\/revisions\/32843"}],"wp:featuredmedia":[{"embeddable":true,"href":"https:\/\/blogdorogeriogomes.com.br\/noticias\/wp-json\/wp\/v2\/media\/32842"}],"wp:attachment":[{"href":"https:\/\/blogdorogeriogomes.com.br\/noticias\/wp-json\/wp\/v2\/media?parent=32841"}],"wp:term":[{"taxonomy":"category","embeddable":true,"href":"https:\/\/blogdorogeriogomes.com.br\/noticias\/wp-json\/wp\/v2\/categories?post=32841"},{"taxonomy":"post_tag","embeddable":true,"href":"https:\/\/blogdorogeriogomes.com.br\/noticias\/wp-json\/wp\/v2\/tags?post=32841"}],"curies":[{"name":"wp","href":"https:\/\/api.w.org\/{rel}","templated":true}]}}