{"id":32844,"date":"2024-06-03T10:55:09","date_gmt":"2024-06-03T10:55:09","guid":{"rendered":"https:\/\/blogdorogeriogomes.com.br\/noticias\/?p=32844"},"modified":"2024-06-03T10:55:10","modified_gmt":"2024-06-03T10:55:10","slug":"elmano-de-freitas-empossa-novo-secretario-da-sspds-e-tem-agenda-com-duas-ministras-do-governo-lula-nesta-segunda-feira","status":"publish","type":"post","link":"https:\/\/blogdorogeriogomes.com.br\/noticias\/2024\/06\/elmano-de-freitas-empossa-novo-secretario-da-sspds-e-tem-agenda-com-duas-ministras-do-governo-lula-nesta-segunda-feira\/","title":{"rendered":"Elmano de Freitas empossa novo secret\u00e1rio da SSPDS e tem agenda com duas ministras do Governo Lula nesta segunda-feira"},"content":{"rendered":"\n<p>O Governo do Cear\u00e1 assina os termos de ades\u00e3o \u00e0 Pol\u00edtica Nacional de Gest\u00e3o Territorial e Ambiental Quilombola e ao Plano Juventude Negra Viva, desenvolvidos pelo Minist\u00e9rio da Igualdade Racial, nesta segunda-feira, dia 3 de junho. O governador do Cear\u00e1, Elmano de Freitas, e a ministra da Igualdade Racial, Anielle Franco, participam da solenidade.<\/p>\n\n\n\n<p>O governador ainda recebe hoje a ministra das Mulheres, Cida Gon\u00e7alves, no Pal\u00e1cio da Aboli\u00e7\u00e3o, para discutir medidas de combate \u00e0 viol\u00eancia contra mulheres, educa\u00e7\u00e3o, a\u00e7\u00f5es afirmativas e sa\u00fade integral da mulher.<\/p>\n\n\n\n<p>Nesta segunda-feira, Elmano tamb\u00e9m empossa o novo secret\u00e1rio da Seguran\u00e7a P\u00fablica e Defesa Social do Cear\u00e1, Roberto S\u00e1. Em encontro na sexta-feira passada, o governador debateu estrat\u00e9gias com o secret\u00e1rio para combater a criminalidade no estado. A reuni\u00e3o tamb\u00e9m contou com a presen\u00e7a do comandante-geral da Pol\u00edcia Militar, coronel Kl\u00eanio Nascimento. Elmano de Freitas quer policiamento ostensivo nas ruas e mais sensa\u00e7\u00e3o de seguran\u00e7a para a popula\u00e7\u00e3o.<\/p>\n\n\n\n<figure class=\"wp-block-image size-large\"><img loading=\"lazy\" decoding=\"async\" width=\"1024\" height=\"684\" src=\"https:\/\/blogdorogeriogomes.com.br\/noticias\/wp-content\/uploads\/2024\/06\/3c43d94a-7abd-4300-8701-7132da5e6870-1200x802-1-1024x684.jpeg\" alt=\"\" class=\"wp-image-32845\" srcset=\"https:\/\/blogdorogeriogomes.com.br\/noticias\/wp-content\/uploads\/2024\/06\/3c43d94a-7abd-4300-8701-7132da5e6870-1200x802-1-1024x684.jpeg 1024w, https:\/\/blogdorogeriogomes.com.br\/noticias\/wp-content\/uploads\/2024\/06\/3c43d94a-7abd-4300-8701-7132da5e6870-1200x802-1-300x201.jpeg 300w, https:\/\/blogdorogeriogomes.com.br\/noticias\/wp-content\/uploads\/2024\/06\/3c43d94a-7abd-4300-8701-7132da5e6870-1200x802-1-768x513.jpeg 768w, https:\/\/blogdorogeriogomes.com.br\/noticias\/wp-content\/uploads\/2024\/06\/3c43d94a-7abd-4300-8701-7132da5e6870-1200x802-1-800x535.jpeg 800w, https:\/\/blogdorogeriogomes.com.br\/noticias\/wp-content\/uploads\/2024\/06\/3c43d94a-7abd-4300-8701-7132da5e6870-1200x802-1.jpeg 1200w\" sizes=\"auto, (max-width: 1024px) 100vw, 1024px\" \/><\/figure>\n","protected":false},"excerpt":{"rendered":"<p>O Governo do Cear\u00e1 assina os termos de ades\u00e3o \u00e0 Pol\u00edtica Nacional de Gest\u00e3o Territorial e Ambiental Quilombola e ao Plano Juventude Negra Viva, desenvolvidos pelo Minist\u00e9rio da Igualdade Racial, nesta segunda-feira, dia 3 de junho. O governador do Cear\u00e1, Elmano de Freitas, e a ministra da Igualdade Racial, Anielle Franco, participam da solenidade. O governador ainda recebe hoje a ministra das Mulheres, Cida Gon\u00e7alves, no Pal\u00e1cio da Aboli\u00e7\u00e3o, para discutir medidas de combate \u00e0 viol\u00eancia contra mulheres, educa\u00e7\u00e3o,&hellip;<\/p>\n","protected":false},"author":1,"featured_media":32845,"comment_status":"open","ping_status":"open","sticky":false,"template":"","format":"standard","meta":{"footnotes":""},"categories":[1],"tags":[],"class_list":["post-32844","post","type-post","status-publish","format-standard","has-post-thumbnail","hentry","category-noticias"],"_links":{"self":[{"href":"https:\/\/blogdorogeriogomes.com.br\/noticias\/wp-json\/wp\/v2\/posts\/32844","targetHints":{"allow":["GET"]}}],"collection":[{"href":"https:\/\/blogdorogeriogomes.com.br\/noticias\/wp-json\/wp\/v2\/posts"}],"about":[{"href":"https:\/\/blogdorogeriogomes.com.br\/noticias\/wp-json\/wp\/v2\/types\/post"}],"author":[{"embeddable":true,"href":"https:\/\/blogdorogeriogomes.com.br\/noticias\/wp-json\/wp\/v2\/users\/1"}],"replies":[{"embeddable":true,"href":"https:\/\/blogdorogeriogomes.com.br\/noticias\/wp-json\/wp\/v2\/comments?post=32844"}],"version-history":[{"count":1,"href":"https:\/\/blogdorogeriogomes.com.br\/noticias\/wp-json\/wp\/v2\/posts\/32844\/revisions"}],"predecessor-version":[{"id":32846,"href":"https:\/\/blogdorogeriogomes.com.br\/noticias\/wp-json\/wp\/v2\/posts\/32844\/revisions\/32846"}],"wp:featuredmedia":[{"embeddable":true,"href":"https:\/\/blogdorogeriogomes.com.br\/noticias\/wp-json\/wp\/v2\/media\/32845"}],"wp:attachment":[{"href":"https:\/\/blogdorogeriogomes.com.br\/noticias\/wp-json\/wp\/v2\/media?parent=32844"}],"wp:term":[{"taxonomy":"category","embeddable":true,"href":"https:\/\/blogdorogeriogomes.com.br\/noticias\/wp-json\/wp\/v2\/categories?post=32844"},{"taxonomy":"post_tag","embeddable":true,"href":"https:\/\/blogdorogeriogomes.com.br\/noticias\/wp-json\/wp\/v2\/tags?post=32844"}],"curies":[{"name":"wp","href":"https:\/\/api.w.org\/{rel}","templated":true}]}}