{"id":32847,"date":"2024-06-03T11:15:16","date_gmt":"2024-06-03T11:15:16","guid":{"rendered":"https:\/\/blogdorogeriogomes.com.br\/noticias\/?p=32847"},"modified":"2024-06-03T11:15:17","modified_gmt":"2024-06-03T11:15:17","slug":"fortaleza-ganha-reforco-nas-ruas-de-219-novos-guardas-municipais-para-incrementar-seguranca-da-capital","status":"publish","type":"post","link":"https:\/\/blogdorogeriogomes.com.br\/noticias\/2024\/06\/fortaleza-ganha-reforco-nas-ruas-de-219-novos-guardas-municipais-para-incrementar-seguranca-da-capital\/","title":{"rendered":"Fortaleza ganha refor\u00e7o nas ruas de 219 novos guardas municipais para incrementar seguran\u00e7a da Capital"},"content":{"rendered":"\n<p>O munic\u00edpio de Fortaleza conta agora com mais 219 novos guardas municipais para refor\u00e7ar a seguran\u00e7a da Capital, totalizando um efetivo de 2.353 servidores.\u00a0Os novos agentes foram empossados na semana passada pelo prefeito Jos\u00e9 Sarto, em solenidade no Gin\u00e1sio Paulo Sarasate, e fazem parte da primeira turma dos aprovados no concurso p\u00fablico para o preenchimento de 1.000 vagas.<\/p>\n\n\n\n<p>Os novos guardas, que j\u00e1 est\u00e3o trabalhando nas ruas, foram lotados, inicialmente, nas Inspetorias de Salvamento Aqu\u00e1tico, Seguran\u00e7a Escolar, Ciclopatrulhamento, Prote\u00e7\u00e3o Ambiental e no Grupo T\u00e1tico Motorizado.\u00a0<\/p>\n\n\n\n<p>Atualmente, a Guarda Municipal de Fortaleza conta com 800 agentes que j\u00e1 possuem porte de arma de fogo e est\u00e3o aptos a atuar com esse tipo de equipamento. De acordo com o prefeito, o Munic\u00edpio j\u00e1 est\u00e1 em processo de aquisi\u00e7\u00e3o de 400 novas armas. Tamb\u00e9m est\u00e3o sendo incorporadas 99 novas viaturas e 57 motocicletas.\u00a0<\/p>\n\n\n\n<figure class=\"wp-block-image size-large\"><img loading=\"lazy\" decoding=\"async\" width=\"1024\" height=\"601\" src=\"https:\/\/blogdorogeriogomes.com.br\/noticias\/wp-content\/uploads\/2024\/06\/010624-Sesec-1024x601.jpg\" alt=\"\" class=\"wp-image-32848\" srcset=\"https:\/\/blogdorogeriogomes.com.br\/noticias\/wp-content\/uploads\/2024\/06\/010624-Sesec-1024x601.jpg 1024w, https:\/\/blogdorogeriogomes.com.br\/noticias\/wp-content\/uploads\/2024\/06\/010624-Sesec-300x176.jpg 300w, https:\/\/blogdorogeriogomes.com.br\/noticias\/wp-content\/uploads\/2024\/06\/010624-Sesec-768x451.jpg 768w, https:\/\/blogdorogeriogomes.com.br\/noticias\/wp-content\/uploads\/2024\/06\/010624-Sesec-800x470.jpg 800w, https:\/\/blogdorogeriogomes.com.br\/noticias\/wp-content\/uploads\/2024\/06\/010624-Sesec.jpg 1328w\" sizes=\"auto, (max-width: 1024px) 100vw, 1024px\" \/><\/figure>\n","protected":false},"excerpt":{"rendered":"<p>O munic\u00edpio de Fortaleza conta agora com mais 219 novos guardas municipais para refor\u00e7ar a seguran\u00e7a da Capital, totalizando um efetivo de 2.353 servidores.\u00a0Os novos agentes foram empossados na semana passada pelo prefeito Jos\u00e9 Sarto, em solenidade no Gin\u00e1sio Paulo Sarasate, e fazem parte da primeira turma dos aprovados no concurso p\u00fablico para o preenchimento de 1.000 vagas. Os novos guardas, que j\u00e1 est\u00e3o trabalhando nas ruas, foram lotados, inicialmente, nas Inspetorias de Salvamento Aqu\u00e1tico, Seguran\u00e7a Escolar, Ciclopatrulhamento, Prote\u00e7\u00e3o&hellip;<\/p>\n","protected":false},"author":1,"featured_media":32848,"comment_status":"open","ping_status":"open","sticky":false,"template":"","format":"standard","meta":{"footnotes":""},"categories":[1],"tags":[],"class_list":["post-32847","post","type-post","status-publish","format-standard","has-post-thumbnail","hentry","category-noticias"],"_links":{"self":[{"href":"https:\/\/blogdorogeriogomes.com.br\/noticias\/wp-json\/wp\/v2\/posts\/32847","targetHints":{"allow":["GET"]}}],"collection":[{"href":"https:\/\/blogdorogeriogomes.com.br\/noticias\/wp-json\/wp\/v2\/posts"}],"about":[{"href":"https:\/\/blogdorogeriogomes.com.br\/noticias\/wp-json\/wp\/v2\/types\/post"}],"author":[{"embeddable":true,"href":"https:\/\/blogdorogeriogomes.com.br\/noticias\/wp-json\/wp\/v2\/users\/1"}],"replies":[{"embeddable":true,"href":"https:\/\/blogdorogeriogomes.com.br\/noticias\/wp-json\/wp\/v2\/comments?post=32847"}],"version-history":[{"count":1,"href":"https:\/\/blogdorogeriogomes.com.br\/noticias\/wp-json\/wp\/v2\/posts\/32847\/revisions"}],"predecessor-version":[{"id":32849,"href":"https:\/\/blogdorogeriogomes.com.br\/noticias\/wp-json\/wp\/v2\/posts\/32847\/revisions\/32849"}],"wp:featuredmedia":[{"embeddable":true,"href":"https:\/\/blogdorogeriogomes.com.br\/noticias\/wp-json\/wp\/v2\/media\/32848"}],"wp:attachment":[{"href":"https:\/\/blogdorogeriogomes.com.br\/noticias\/wp-json\/wp\/v2\/media?parent=32847"}],"wp:term":[{"taxonomy":"category","embeddable":true,"href":"https:\/\/blogdorogeriogomes.com.br\/noticias\/wp-json\/wp\/v2\/categories?post=32847"},{"taxonomy":"post_tag","embeddable":true,"href":"https:\/\/blogdorogeriogomes.com.br\/noticias\/wp-json\/wp\/v2\/tags?post=32847"}],"curies":[{"name":"wp","href":"https:\/\/api.w.org\/{rel}","templated":true}]}}