{"id":32850,"date":"2024-06-03T11:23:44","date_gmt":"2024-06-03T11:23:44","guid":{"rendered":"https:\/\/blogdorogeriogomes.com.br\/noticias\/?p=32850"},"modified":"2024-06-03T11:23:45","modified_gmt":"2024-06-03T11:23:45","slug":"ministra-carmen-lucia-assume-presidente-do-tse-mantendo-ofensiva-as-fake-news-de-olho-nas-eleicoes-municipais","status":"publish","type":"post","link":"https:\/\/blogdorogeriogomes.com.br\/noticias\/2024\/06\/ministra-carmen-lucia-assume-presidente-do-tse-mantendo-ofensiva-as-fake-news-de-olho-nas-eleicoes-municipais\/","title":{"rendered":"Ministra C\u00e1rmen L\u00facia assume presidente do TSE mantendo ofensiva \u00e0s fake news de olho nas elei\u00e7\u00f5es municipais"},"content":{"rendered":"\n<p>A ministra C\u00e1rmen L\u00facia, do Supremo Tribunal Federal (STF), assume nesta segunda-feira, dia 3 de junho, a presid\u00eancia do Tribunal Superior Eleitoral (TSE), sendo a primeira mulher a ocupar o posto duas vezes. Apesar do perfil mais discreto e menos combativo do que o do antecessor, Alexandre de Moraes, a expectativa \u00e9 de manuten\u00e7\u00e3o de uma gest\u00e3o firme, de olhar para as mulheres e de novos desafios com as fake news e a IA (Intelig\u00eancia Artificial) nas elei\u00e7\u00f5es.<br><\/p>\n\n\n\n<p>C\u00e1rmen L\u00facia toma posse como presidente do TSE para o bi\u00eanio 2024-2026. A troca faz parte da rota\u00e7\u00e3o de comando que ocorre a cada dois anos na corte, que \u00e9 sempre comandada por um ministro do STF. Seu vice ser\u00e1 o tamb\u00e9m ministro do STF K\u00e1ssio Nunes Marques.<\/p>\n\n\n\n<p>No posto, C\u00e1rmen L\u00facia ser\u00e1 a respons\u00e1vel por decidir as pautas de julgamento do tribunal. Tamb\u00e9m caber\u00e1 a ela a organiza\u00e7\u00e3o das elei\u00e7\u00f5es municipais de 2024, uma das fun\u00e7\u00f5es do TSE.<\/p>\n\n\n\n<figure class=\"wp-block-image size-full\"><img loading=\"lazy\" decoding=\"async\" width=\"900\" height=\"506\" src=\"https:\/\/blogdorogeriogomes.com.br\/noticias\/wp-content\/uploads\/2024\/06\/25ago2022-ministra-carmen-lucia-em-sessao-extraordinaria-do-stf-1687392022294_v2_900x506.jpg.webp\" alt=\"\" class=\"wp-image-32851\" srcset=\"https:\/\/blogdorogeriogomes.com.br\/noticias\/wp-content\/uploads\/2024\/06\/25ago2022-ministra-carmen-lucia-em-sessao-extraordinaria-do-stf-1687392022294_v2_900x506.jpg.webp 900w, https:\/\/blogdorogeriogomes.com.br\/noticias\/wp-content\/uploads\/2024\/06\/25ago2022-ministra-carmen-lucia-em-sessao-extraordinaria-do-stf-1687392022294_v2_900x506.jpg-300x169.webp 300w, https:\/\/blogdorogeriogomes.com.br\/noticias\/wp-content\/uploads\/2024\/06\/25ago2022-ministra-carmen-lucia-em-sessao-extraordinaria-do-stf-1687392022294_v2_900x506.jpg-768x432.webp 768w, https:\/\/blogdorogeriogomes.com.br\/noticias\/wp-content\/uploads\/2024\/06\/25ago2022-ministra-carmen-lucia-em-sessao-extraordinaria-do-stf-1687392022294_v2_900x506.jpg-800x450.webp 800w\" sizes=\"auto, (max-width: 900px) 100vw, 900px\" \/><\/figure>\n","protected":false},"excerpt":{"rendered":"<p>A ministra C\u00e1rmen L\u00facia, do Supremo Tribunal Federal (STF), assume nesta segunda-feira, dia 3 de junho, a presid\u00eancia do Tribunal Superior Eleitoral (TSE), sendo a primeira mulher a ocupar o posto duas vezes. Apesar do perfil mais discreto e menos combativo do que o do antecessor, Alexandre de Moraes, a expectativa \u00e9 de manuten\u00e7\u00e3o de uma gest\u00e3o firme, de olhar para as mulheres e de novos desafios com as fake news e a IA (Intelig\u00eancia Artificial) nas elei\u00e7\u00f5es. C\u00e1rmen&hellip;<\/p>\n","protected":false},"author":1,"featured_media":32851,"comment_status":"open","ping_status":"open","sticky":false,"template":"","format":"standard","meta":{"footnotes":""},"categories":[1],"tags":[],"class_list":["post-32850","post","type-post","status-publish","format-standard","has-post-thumbnail","hentry","category-noticias"],"_links":{"self":[{"href":"https:\/\/blogdorogeriogomes.com.br\/noticias\/wp-json\/wp\/v2\/posts\/32850","targetHints":{"allow":["GET"]}}],"collection":[{"href":"https:\/\/blogdorogeriogomes.com.br\/noticias\/wp-json\/wp\/v2\/posts"}],"about":[{"href":"https:\/\/blogdorogeriogomes.com.br\/noticias\/wp-json\/wp\/v2\/types\/post"}],"author":[{"embeddable":true,"href":"https:\/\/blogdorogeriogomes.com.br\/noticias\/wp-json\/wp\/v2\/users\/1"}],"replies":[{"embeddable":true,"href":"https:\/\/blogdorogeriogomes.com.br\/noticias\/wp-json\/wp\/v2\/comments?post=32850"}],"version-history":[{"count":1,"href":"https:\/\/blogdorogeriogomes.com.br\/noticias\/wp-json\/wp\/v2\/posts\/32850\/revisions"}],"predecessor-version":[{"id":32852,"href":"https:\/\/blogdorogeriogomes.com.br\/noticias\/wp-json\/wp\/v2\/posts\/32850\/revisions\/32852"}],"wp:featuredmedia":[{"embeddable":true,"href":"https:\/\/blogdorogeriogomes.com.br\/noticias\/wp-json\/wp\/v2\/media\/32851"}],"wp:attachment":[{"href":"https:\/\/blogdorogeriogomes.com.br\/noticias\/wp-json\/wp\/v2\/media?parent=32850"}],"wp:term":[{"taxonomy":"category","embeddable":true,"href":"https:\/\/blogdorogeriogomes.com.br\/noticias\/wp-json\/wp\/v2\/categories?post=32850"},{"taxonomy":"post_tag","embeddable":true,"href":"https:\/\/blogdorogeriogomes.com.br\/noticias\/wp-json\/wp\/v2\/tags?post=32850"}],"curies":[{"name":"wp","href":"https:\/\/api.w.org\/{rel}","templated":true}]}}