{"id":32862,"date":"2024-06-04T10:45:21","date_gmt":"2024-06-04T10:45:21","guid":{"rendered":"https:\/\/blogdorogeriogomes.com.br\/noticias\/?p=32862"},"modified":"2024-06-04T10:45:21","modified_gmt":"2024-06-04T10:45:21","slug":"presidente-rodrigo-pacheco-poe-freio-na-tramitacao-da-pec-das-praias-no-senado","status":"publish","type":"post","link":"https:\/\/blogdorogeriogomes.com.br\/noticias\/2024\/06\/presidente-rodrigo-pacheco-poe-freio-na-tramitacao-da-pec-das-praias-no-senado\/","title":{"rendered":"Presidente Rodrigo Pacheco &#8220;p\u00f5e freio&#8221; na tramita\u00e7\u00e3o da PEC das Praias no Senado"},"content":{"rendered":"\n<p>O presidente do Senado, Rodrigo Pacheco (PSD-MG), deu um freio na tramita\u00e7\u00e3o da PEC das Praias no Senado. Ele afirmou que a Casa ter\u00e1 &#8220;cautela&#8221; e &#8220;prud\u00eancia&#8221; na discuss\u00e3o da Proposta de Emenda \u00e0 Constitui\u00e7\u00e3o (PEC) que permite a venda de terrenos da Marinha. Pacheco indicou, tamb\u00e9m, que a PEC n\u00e3o ter\u00e1 andamento r\u00e1pido na Casa Alta do Legislativo.<\/p>\n\n\n\n<p>O projeto vem causando pol\u00eamicas porque levantou a quest\u00e3o da privatiza\u00e7\u00e3o de praias brasileiras. O Governo Lula j\u00e1 se mostrou contr\u00e1rio ao projeto na forma como foi apresentado. O texto foi aprovado na C\u00e2mara dos Deputados em 2022 e aguarda discuss\u00e3o no Senado desde ent\u00e3o. A proposta est\u00e1 na Comiss\u00e3o de Constitui\u00e7\u00e3o e Justi\u00e7a (CCJ). De acordo com o presidente do Senado, a comiss\u00e3o ter\u00e1 &#8220;autonomia&#8221; para estabelecer um cronograma para discuss\u00e3o e an\u00e1lise da PEC. Pacheco, por\u00e9m, defendeu que haja uma ampla discuss\u00e3o, &#8220;sem a\u00e7odamento e sem pressa&#8221;.<\/p>\n\n\n\n<figure class=\"wp-block-image size-large\"><img loading=\"lazy\" decoding=\"async\" width=\"1024\" height=\"576\" src=\"https:\/\/blogdorogeriogomes.com.br\/noticias\/wp-content\/uploads\/2024\/06\/praia-do-pinho-1024x576.jpg\" alt=\"\" class=\"wp-image-32863\" srcset=\"https:\/\/blogdorogeriogomes.com.br\/noticias\/wp-content\/uploads\/2024\/06\/praia-do-pinho-1024x576.jpg 1024w, https:\/\/blogdorogeriogomes.com.br\/noticias\/wp-content\/uploads\/2024\/06\/praia-do-pinho-300x169.jpg 300w, https:\/\/blogdorogeriogomes.com.br\/noticias\/wp-content\/uploads\/2024\/06\/praia-do-pinho-768x432.jpg 768w, https:\/\/blogdorogeriogomes.com.br\/noticias\/wp-content\/uploads\/2024\/06\/praia-do-pinho-800x450.jpg 800w, https:\/\/blogdorogeriogomes.com.br\/noticias\/wp-content\/uploads\/2024\/06\/praia-do-pinho.jpg 1080w\" sizes=\"auto, (max-width: 1024px) 100vw, 1024px\" \/><\/figure>\n","protected":false},"excerpt":{"rendered":"<p>O presidente do Senado, Rodrigo Pacheco (PSD-MG), deu um freio na tramita\u00e7\u00e3o da PEC das Praias no Senado. Ele afirmou que a Casa ter\u00e1 &#8220;cautela&#8221; e &#8220;prud\u00eancia&#8221; na discuss\u00e3o da Proposta de Emenda \u00e0 Constitui\u00e7\u00e3o (PEC) que permite a venda de terrenos da Marinha. Pacheco indicou, tamb\u00e9m, que a PEC n\u00e3o ter\u00e1 andamento r\u00e1pido na Casa Alta do Legislativo. O projeto vem causando pol\u00eamicas porque levantou a quest\u00e3o da privatiza\u00e7\u00e3o de praias brasileiras. O Governo Lula j\u00e1 se mostrou&hellip;<\/p>\n","protected":false},"author":1,"featured_media":32863,"comment_status":"open","ping_status":"open","sticky":false,"template":"","format":"standard","meta":{"footnotes":""},"categories":[1],"tags":[],"class_list":["post-32862","post","type-post","status-publish","format-standard","has-post-thumbnail","hentry","category-noticias"],"_links":{"self":[{"href":"https:\/\/blogdorogeriogomes.com.br\/noticias\/wp-json\/wp\/v2\/posts\/32862","targetHints":{"allow":["GET"]}}],"collection":[{"href":"https:\/\/blogdorogeriogomes.com.br\/noticias\/wp-json\/wp\/v2\/posts"}],"about":[{"href":"https:\/\/blogdorogeriogomes.com.br\/noticias\/wp-json\/wp\/v2\/types\/post"}],"author":[{"embeddable":true,"href":"https:\/\/blogdorogeriogomes.com.br\/noticias\/wp-json\/wp\/v2\/users\/1"}],"replies":[{"embeddable":true,"href":"https:\/\/blogdorogeriogomes.com.br\/noticias\/wp-json\/wp\/v2\/comments?post=32862"}],"version-history":[{"count":1,"href":"https:\/\/blogdorogeriogomes.com.br\/noticias\/wp-json\/wp\/v2\/posts\/32862\/revisions"}],"predecessor-version":[{"id":32864,"href":"https:\/\/blogdorogeriogomes.com.br\/noticias\/wp-json\/wp\/v2\/posts\/32862\/revisions\/32864"}],"wp:featuredmedia":[{"embeddable":true,"href":"https:\/\/blogdorogeriogomes.com.br\/noticias\/wp-json\/wp\/v2\/media\/32863"}],"wp:attachment":[{"href":"https:\/\/blogdorogeriogomes.com.br\/noticias\/wp-json\/wp\/v2\/media?parent=32862"}],"wp:term":[{"taxonomy":"category","embeddable":true,"href":"https:\/\/blogdorogeriogomes.com.br\/noticias\/wp-json\/wp\/v2\/categories?post=32862"},{"taxonomy":"post_tag","embeddable":true,"href":"https:\/\/blogdorogeriogomes.com.br\/noticias\/wp-json\/wp\/v2\/tags?post=32862"}],"curies":[{"name":"wp","href":"https:\/\/api.w.org\/{rel}","templated":true}]}}