{"id":32865,"date":"2024-06-04T10:51:53","date_gmt":"2024-06-04T10:51:53","guid":{"rendered":"https:\/\/blogdorogeriogomes.com.br\/noticias\/?p=32865"},"modified":"2024-06-04T10:51:54","modified_gmt":"2024-06-04T10:51:54","slug":"ceara-adere-ao-plano-juventude-negra-viva-e-a-politica-nacional-de-gestao-territorial-e-ambiental-quilombola","status":"publish","type":"post","link":"https:\/\/blogdorogeriogomes.com.br\/noticias\/2024\/06\/ceara-adere-ao-plano-juventude-negra-viva-e-a-politica-nacional-de-gestao-territorial-e-ambiental-quilombola\/","title":{"rendered":"Cear\u00e1 adere ao Plano Juventude Negra Viva e \u00e0 Pol\u00edtica Nacional de Gest\u00e3o Territorial e Ambiental Quilombola"},"content":{"rendered":"\n<p>Com um importante hist\u00f3rico na luta pela igualdade racial, sendo pioneiro no abolicionismo nacional, o Governo do Cear\u00e1 aderiu, nesta segunda-feira, dia 3 de junho, ao Plano Juventude Negra Viva e \u00e0 Pol\u00edtica Nacional de Gest\u00e3o Territorial e Ambiental Quilombola (PNGTAQ), desenvolvidos pelo Minist\u00e9rio da Igualdade Racial. O evento foi realizado no Pal\u00e1cio da Aboli\u00e7\u00e3o e contou com a presen\u00e7a do governador Elmano de Freitas; da ministra da Igualdade Racial, Anielle Franco, e da secret\u00e1ria da Igualdade Racial, Zelma Madeira.<\/p>\n\n\n\n<p>A ministra da Igualdade Racial, Anielle Franco, pontuou a felicidade de estar no Cear\u00e1 para a assinatura de termos de coopera\u00e7\u00e3o e entregas de equipamentos de promo\u00e7\u00e3o da Igualdade Racial para 14 munic\u00edpios. Com o investimento de R$2,7 milh\u00f5es, os kits cont\u00eam um carro, bebedouro, refrigerador e televis\u00e3o.<\/p>\n\n\n\n<figure class=\"wp-block-image size-large\"><img loading=\"lazy\" decoding=\"async\" width=\"1024\" height=\"683\" src=\"https:\/\/blogdorogeriogomes.com.br\/noticias\/wp-content\/uploads\/2024\/06\/20240603153903__S1A1230-1200x800-1-1024x683.jpg\" alt=\"\" class=\"wp-image-32866\" srcset=\"https:\/\/blogdorogeriogomes.com.br\/noticias\/wp-content\/uploads\/2024\/06\/20240603153903__S1A1230-1200x800-1-1024x683.jpg 1024w, https:\/\/blogdorogeriogomes.com.br\/noticias\/wp-content\/uploads\/2024\/06\/20240603153903__S1A1230-1200x800-1-300x200.jpg 300w, https:\/\/blogdorogeriogomes.com.br\/noticias\/wp-content\/uploads\/2024\/06\/20240603153903__S1A1230-1200x800-1-768x512.jpg 768w, https:\/\/blogdorogeriogomes.com.br\/noticias\/wp-content\/uploads\/2024\/06\/20240603153903__S1A1230-1200x800-1-800x533.jpg 800w, https:\/\/blogdorogeriogomes.com.br\/noticias\/wp-content\/uploads\/2024\/06\/20240603153903__S1A1230-1200x800-1.jpg 1200w\" sizes=\"auto, (max-width: 1024px) 100vw, 1024px\" \/><\/figure>\n","protected":false},"excerpt":{"rendered":"<p>Com um importante hist\u00f3rico na luta pela igualdade racial, sendo pioneiro no abolicionismo nacional, o Governo do Cear\u00e1 aderiu, nesta segunda-feira, dia 3 de junho, ao Plano Juventude Negra Viva e \u00e0 Pol\u00edtica Nacional de Gest\u00e3o Territorial e Ambiental Quilombola (PNGTAQ), desenvolvidos pelo Minist\u00e9rio da Igualdade Racial. O evento foi realizado no Pal\u00e1cio da Aboli\u00e7\u00e3o e contou com a presen\u00e7a do governador Elmano de Freitas; da ministra da Igualdade Racial, Anielle Franco, e da secret\u00e1ria da Igualdade Racial, Zelma&hellip;<\/p>\n","protected":false},"author":1,"featured_media":32866,"comment_status":"open","ping_status":"open","sticky":false,"template":"","format":"standard","meta":{"footnotes":""},"categories":[1],"tags":[],"class_list":["post-32865","post","type-post","status-publish","format-standard","has-post-thumbnail","hentry","category-noticias"],"_links":{"self":[{"href":"https:\/\/blogdorogeriogomes.com.br\/noticias\/wp-json\/wp\/v2\/posts\/32865","targetHints":{"allow":["GET"]}}],"collection":[{"href":"https:\/\/blogdorogeriogomes.com.br\/noticias\/wp-json\/wp\/v2\/posts"}],"about":[{"href":"https:\/\/blogdorogeriogomes.com.br\/noticias\/wp-json\/wp\/v2\/types\/post"}],"author":[{"embeddable":true,"href":"https:\/\/blogdorogeriogomes.com.br\/noticias\/wp-json\/wp\/v2\/users\/1"}],"replies":[{"embeddable":true,"href":"https:\/\/blogdorogeriogomes.com.br\/noticias\/wp-json\/wp\/v2\/comments?post=32865"}],"version-history":[{"count":1,"href":"https:\/\/blogdorogeriogomes.com.br\/noticias\/wp-json\/wp\/v2\/posts\/32865\/revisions"}],"predecessor-version":[{"id":32867,"href":"https:\/\/blogdorogeriogomes.com.br\/noticias\/wp-json\/wp\/v2\/posts\/32865\/revisions\/32867"}],"wp:featuredmedia":[{"embeddable":true,"href":"https:\/\/blogdorogeriogomes.com.br\/noticias\/wp-json\/wp\/v2\/media\/32866"}],"wp:attachment":[{"href":"https:\/\/blogdorogeriogomes.com.br\/noticias\/wp-json\/wp\/v2\/media?parent=32865"}],"wp:term":[{"taxonomy":"category","embeddable":true,"href":"https:\/\/blogdorogeriogomes.com.br\/noticias\/wp-json\/wp\/v2\/categories?post=32865"},{"taxonomy":"post_tag","embeddable":true,"href":"https:\/\/blogdorogeriogomes.com.br\/noticias\/wp-json\/wp\/v2\/tags?post=32865"}],"curies":[{"name":"wp","href":"https:\/\/api.w.org\/{rel}","templated":true}]}}