{"id":32875,"date":"2024-06-04T21:40:23","date_gmt":"2024-06-04T21:40:23","guid":{"rendered":"https:\/\/blogdorogeriogomes.com.br\/noticias\/?p=32875"},"modified":"2024-06-04T21:40:24","modified_gmt":"2024-06-04T21:40:24","slug":"nova-sede-da-secretaria-de-cultura-do-ceara-e-inaugurada-no-centro-de-fortaleza","status":"publish","type":"post","link":"https:\/\/blogdorogeriogomes.com.br\/noticias\/2024\/06\/nova-sede-da-secretaria-de-cultura-do-ceara-e-inaugurada-no-centro-de-fortaleza\/","title":{"rendered":"Nova sede da Secretaria de Cultura do Cear\u00e1 \u00e9 inaugurada no Centro de Fortaleza"},"content":{"rendered":"\n<p>A nova sede da Secretaria da Cultura (Secult Cear\u00e1) foi inaugurada em solenidade realizada no Complexo Cultural Esta\u00e7\u00e3o das Artes Belchior, em Fortaleza, nesta ter\u00e7a-feira, dia 4 de junho. Presente \u00e0 solenidade, a Ministra da Cultura, Margareth Menezes, ressaltou a for\u00e7a do Cear\u00e1 como polo cultural e a s\u00e9rie de parcerias do estado com o Governo Federal.<\/p>\n\n\n\n<p>Durante o evento, o governador Elmano de Freitas  tamb\u00e9m anunciou o aporte de R$ 90 milh\u00f5es para o fortalecimento do Sistema Estadual de Cultura do Cear\u00e1 at\u00e9 2026. Esta a\u00e7\u00e3o visa dotar os \u00f3rg\u00e3os de cultura dos munic\u00edpios cearenses de capacidade t\u00e9cnica adequada para a boa execu\u00e7\u00e3o das pol\u00edticas culturais.<\/p>\n\n\n\n<figure class=\"wp-block-image size-large\"><img loading=\"lazy\" decoding=\"async\" width=\"1024\" height=\"683\" src=\"https:\/\/blogdorogeriogomes.com.br\/noticias\/wp-content\/uploads\/2024\/06\/240604_INAUG-NOVA-SEDE-SECULT_TS0559-1200x800-1-1024x683.jpg\" alt=\"\" class=\"wp-image-32876\" srcset=\"https:\/\/blogdorogeriogomes.com.br\/noticias\/wp-content\/uploads\/2024\/06\/240604_INAUG-NOVA-SEDE-SECULT_TS0559-1200x800-1-1024x683.jpg 1024w, https:\/\/blogdorogeriogomes.com.br\/noticias\/wp-content\/uploads\/2024\/06\/240604_INAUG-NOVA-SEDE-SECULT_TS0559-1200x800-1-300x200.jpg 300w, https:\/\/blogdorogeriogomes.com.br\/noticias\/wp-content\/uploads\/2024\/06\/240604_INAUG-NOVA-SEDE-SECULT_TS0559-1200x800-1-768x512.jpg 768w, https:\/\/blogdorogeriogomes.com.br\/noticias\/wp-content\/uploads\/2024\/06\/240604_INAUG-NOVA-SEDE-SECULT_TS0559-1200x800-1-800x533.jpg 800w, https:\/\/blogdorogeriogomes.com.br\/noticias\/wp-content\/uploads\/2024\/06\/240604_INAUG-NOVA-SEDE-SECULT_TS0559-1200x800-1.jpg 1200w\" sizes=\"auto, (max-width: 1024px) 100vw, 1024px\" \/><\/figure>\n","protected":false},"excerpt":{"rendered":"<p>A nova sede da Secretaria da Cultura (Secult Cear\u00e1) foi inaugurada em solenidade realizada no Complexo Cultural Esta\u00e7\u00e3o das Artes Belchior, em Fortaleza, nesta ter\u00e7a-feira, dia 4 de junho. Presente \u00e0 solenidade, a Ministra da Cultura, Margareth Menezes, ressaltou a for\u00e7a do Cear\u00e1 como polo cultural e a s\u00e9rie de parcerias do estado com o Governo Federal. Durante o evento, o governador Elmano de Freitas tamb\u00e9m anunciou o aporte de R$ 90 milh\u00f5es para o fortalecimento do Sistema Estadual&hellip;<\/p>\n","protected":false},"author":1,"featured_media":32876,"comment_status":"open","ping_status":"open","sticky":false,"template":"","format":"standard","meta":{"footnotes":""},"categories":[1],"tags":[],"class_list":["post-32875","post","type-post","status-publish","format-standard","has-post-thumbnail","hentry","category-noticias"],"_links":{"self":[{"href":"https:\/\/blogdorogeriogomes.com.br\/noticias\/wp-json\/wp\/v2\/posts\/32875","targetHints":{"allow":["GET"]}}],"collection":[{"href":"https:\/\/blogdorogeriogomes.com.br\/noticias\/wp-json\/wp\/v2\/posts"}],"about":[{"href":"https:\/\/blogdorogeriogomes.com.br\/noticias\/wp-json\/wp\/v2\/types\/post"}],"author":[{"embeddable":true,"href":"https:\/\/blogdorogeriogomes.com.br\/noticias\/wp-json\/wp\/v2\/users\/1"}],"replies":[{"embeddable":true,"href":"https:\/\/blogdorogeriogomes.com.br\/noticias\/wp-json\/wp\/v2\/comments?post=32875"}],"version-history":[{"count":1,"href":"https:\/\/blogdorogeriogomes.com.br\/noticias\/wp-json\/wp\/v2\/posts\/32875\/revisions"}],"predecessor-version":[{"id":32877,"href":"https:\/\/blogdorogeriogomes.com.br\/noticias\/wp-json\/wp\/v2\/posts\/32875\/revisions\/32877"}],"wp:featuredmedia":[{"embeddable":true,"href":"https:\/\/blogdorogeriogomes.com.br\/noticias\/wp-json\/wp\/v2\/media\/32876"}],"wp:attachment":[{"href":"https:\/\/blogdorogeriogomes.com.br\/noticias\/wp-json\/wp\/v2\/media?parent=32875"}],"wp:term":[{"taxonomy":"category","embeddable":true,"href":"https:\/\/blogdorogeriogomes.com.br\/noticias\/wp-json\/wp\/v2\/categories?post=32875"},{"taxonomy":"post_tag","embeddable":true,"href":"https:\/\/blogdorogeriogomes.com.br\/noticias\/wp-json\/wp\/v2\/tags?post=32875"}],"curies":[{"name":"wp","href":"https:\/\/api.w.org\/{rel}","templated":true}]}}