{"id":32887,"date":"2024-06-05T12:51:30","date_gmt":"2024-06-05T12:51:30","guid":{"rendered":"https:\/\/blogdorogeriogomes.com.br\/noticias\/?p=32887"},"modified":"2024-06-05T12:51:30","modified_gmt":"2024-06-05T12:51:30","slug":"municipio-de-caucaia-intensifica-campanha-de-vacinacao-contra-poliomielite","status":"publish","type":"post","link":"https:\/\/blogdorogeriogomes.com.br\/noticias\/2024\/06\/municipio-de-caucaia-intensifica-campanha-de-vacinacao-contra-poliomielite\/","title":{"rendered":"Munic\u00edpio de Caucaia intensifica campanha de vacina\u00e7\u00e3o contra poliomielite"},"content":{"rendered":"\n<p>A Secretaria Municipal de Sa\u00fade de Caucaia (SMS) intensifica a campanha nacional de vacina\u00e7\u00e3o contra a poliomielite. A imuniza\u00e7\u00e3o acontece em todas as 46 Unidades de Aten\u00e7\u00e3o Prim\u00e1ria \u00e0 Sa\u00fade\/UAPS (postos de sa\u00fade) do munic\u00edpio.<\/p>\n\n\n\n<p>A opera\u00e7\u00e3o segue at\u00e9 o dia 14 de junho para crian\u00e7as menores de cinco anos. J\u00e1 aquelas menores de 1 ano dever\u00e3o ser vacinadas conforme a situa\u00e7\u00e3o vacinal encontrada para o esquema prim\u00e1rio: tr\u00eas doses da vacina inativada poliomielite (VIP), e as crian\u00e7as de 1 a 4 anos dever\u00e3o ser vacinadas indiscriminadamente com a vacina oral poliomielite (VOP), desde que j\u00e1 tenham recebido o esquema prim\u00e1rio com VIP.<\/p>\n\n\n\n<p>O objetivo da a\u00e7\u00e3o \u00e9 avan\u00e7ar na imuniza\u00e7\u00e3o do p\u00fablico infantil e garantir a atualiza\u00e7\u00e3o do cart\u00e3o de vacinas das crian\u00e7as. Para receber a imuniza\u00e7\u00e3o, \u00e9 necess\u00e1rio apresentar: RG, Cart\u00e3o Nacional de Sa\u00fade e cart\u00e3o de vacina.<\/p>\n\n\n\n<p>A poliomielite ou &#8216;paralisia infantil&#8217; \u00e9 uma doen\u00e7a causada pelo poliov\u00edrus dos sorotipos 1, 2 e 3. Esse v\u00edrus pode causar paralisia para toda a vida e pode ser fatal.<\/p>\n\n\n\n<figure class=\"wp-block-image size-full\"><img loading=\"lazy\" decoding=\"async\" width=\"768\" height=\"844\" src=\"https:\/\/blogdorogeriogomes.com.br\/noticias\/wp-content\/uploads\/2024\/06\/IMG-20240529-WA0109.jpg\" alt=\"\" class=\"wp-image-32888\" srcset=\"https:\/\/blogdorogeriogomes.com.br\/noticias\/wp-content\/uploads\/2024\/06\/IMG-20240529-WA0109.jpg 768w, https:\/\/blogdorogeriogomes.com.br\/noticias\/wp-content\/uploads\/2024\/06\/IMG-20240529-WA0109-273x300.jpg 273w\" sizes=\"auto, (max-width: 768px) 100vw, 768px\" \/><\/figure>\n","protected":false},"excerpt":{"rendered":"<p>A Secretaria Municipal de Sa\u00fade de Caucaia (SMS) intensifica a campanha nacional de vacina\u00e7\u00e3o contra a poliomielite. A imuniza\u00e7\u00e3o acontece em todas as 46 Unidades de Aten\u00e7\u00e3o Prim\u00e1ria \u00e0 Sa\u00fade\/UAPS (postos de sa\u00fade) do munic\u00edpio. A opera\u00e7\u00e3o segue at\u00e9 o dia 14 de junho para crian\u00e7as menores de cinco anos. J\u00e1 aquelas menores de 1 ano dever\u00e3o ser vacinadas conforme a situa\u00e7\u00e3o vacinal encontrada para o esquema prim\u00e1rio: tr\u00eas doses da vacina inativada poliomielite (VIP), e as crian\u00e7as de&hellip;<\/p>\n","protected":false},"author":1,"featured_media":32888,"comment_status":"open","ping_status":"open","sticky":false,"template":"","format":"standard","meta":{"footnotes":""},"categories":[1],"tags":[],"class_list":["post-32887","post","type-post","status-publish","format-standard","has-post-thumbnail","hentry","category-noticias"],"_links":{"self":[{"href":"https:\/\/blogdorogeriogomes.com.br\/noticias\/wp-json\/wp\/v2\/posts\/32887","targetHints":{"allow":["GET"]}}],"collection":[{"href":"https:\/\/blogdorogeriogomes.com.br\/noticias\/wp-json\/wp\/v2\/posts"}],"about":[{"href":"https:\/\/blogdorogeriogomes.com.br\/noticias\/wp-json\/wp\/v2\/types\/post"}],"author":[{"embeddable":true,"href":"https:\/\/blogdorogeriogomes.com.br\/noticias\/wp-json\/wp\/v2\/users\/1"}],"replies":[{"embeddable":true,"href":"https:\/\/blogdorogeriogomes.com.br\/noticias\/wp-json\/wp\/v2\/comments?post=32887"}],"version-history":[{"count":1,"href":"https:\/\/blogdorogeriogomes.com.br\/noticias\/wp-json\/wp\/v2\/posts\/32887\/revisions"}],"predecessor-version":[{"id":32889,"href":"https:\/\/blogdorogeriogomes.com.br\/noticias\/wp-json\/wp\/v2\/posts\/32887\/revisions\/32889"}],"wp:featuredmedia":[{"embeddable":true,"href":"https:\/\/blogdorogeriogomes.com.br\/noticias\/wp-json\/wp\/v2\/media\/32888"}],"wp:attachment":[{"href":"https:\/\/blogdorogeriogomes.com.br\/noticias\/wp-json\/wp\/v2\/media?parent=32887"}],"wp:term":[{"taxonomy":"category","embeddable":true,"href":"https:\/\/blogdorogeriogomes.com.br\/noticias\/wp-json\/wp\/v2\/categories?post=32887"},{"taxonomy":"post_tag","embeddable":true,"href":"https:\/\/blogdorogeriogomes.com.br\/noticias\/wp-json\/wp\/v2\/tags?post=32887"}],"curies":[{"name":"wp","href":"https:\/\/api.w.org\/{rel}","templated":true}]}}