{"id":32890,"date":"2024-06-05T13:03:57","date_gmt":"2024-06-05T13:03:57","guid":{"rendered":"https:\/\/blogdorogeriogomes.com.br\/noticias\/?p=32890"},"modified":"2024-06-05T13:03:57","modified_gmt":"2024-06-05T13:03:57","slug":"em-ano-de-eleicoes-suplentes-ganham-espaco-com-mandatos-temporarios-na-assembleia-legislativa-e-camara-municipal-de-fortaleza","status":"publish","type":"post","link":"https:\/\/blogdorogeriogomes.com.br\/noticias\/2024\/06\/em-ano-de-eleicoes-suplentes-ganham-espaco-com-mandatos-temporarios-na-assembleia-legislativa-e-camara-municipal-de-fortaleza\/","title":{"rendered":"Em ano de elei\u00e7\u00f5es, suplentes ganham espa\u00e7o com mandatos tempor\u00e1rios na Assembleia Legislativa e C\u00e2mara Municipal de Fortaleza"},"content":{"rendered":"\n<p>Em ano de elei\u00e7\u00f5es municipais, muitos suplentes buscam espa\u00e7o nas casas legislativas para ganhar espa\u00e7o no cen\u00e1rio pol\u00edtico. Atualmente, nove suplentes est\u00e3o com mandato em exerc\u00edcio na Assembleia Legislativa do Cear\u00e1, enquanto a C\u00e2mara Municipal de Fortaleza conta sete suplentes em atividade com mandato.<\/p>\n\n\n\n<p>Na Assembleia Legislativa s\u00e3o suplentes em exerc\u00edcio Tomaz Holanda (Avante), Almir Bi\u00e9 (PP), Ant\u00f4nio Granja (PDT), Bruno Pedrosa (PDT), Dr. Alo\u00edsio (Uni\u00e3o), Guilherme Bismarck (PDT), Guilherme Sampaio (PT), Nizo Costa (PT) e Sim\u00e3o Pedro (PSD). <\/p>\n\n\n\n<p>J\u00e1 na C\u00e2mara de Fortaleza est\u00e3o em atua\u00e7\u00e3o os suplentes Andreza Matos (Uni\u00e3o), Didi Mangueira (PDT), Iraguassu Filho (PDT), Marcelo Mendes (PL), Adriana Almeida (PT), Wagner Lobo (Mobiliza) e Heitor Holanda (Avante).<\/p>\n\n\n\n<figure class=\"wp-block-image size-full\"><img loading=\"lazy\" decoding=\"async\" width=\"800\" height=\"533\" src=\"https:\/\/blogdorogeriogomes.com.br\/noticias\/wp-content\/uploads\/2024\/06\/Sessao-plenaria-8.jpg\" alt=\"\" class=\"wp-image-32891\" srcset=\"https:\/\/blogdorogeriogomes.com.br\/noticias\/wp-content\/uploads\/2024\/06\/Sessao-plenaria-8.jpg 800w, https:\/\/blogdorogeriogomes.com.br\/noticias\/wp-content\/uploads\/2024\/06\/Sessao-plenaria-8-300x200.jpg 300w, https:\/\/blogdorogeriogomes.com.br\/noticias\/wp-content\/uploads\/2024\/06\/Sessao-plenaria-8-768x512.jpg 768w\" sizes=\"auto, (max-width: 800px) 100vw, 800px\" \/><figcaption class=\"wp-element-caption\">Sess\u00e3o plen\u00e1ria<\/figcaption><\/figure>\n","protected":false},"excerpt":{"rendered":"<p>Em ano de elei\u00e7\u00f5es municipais, muitos suplentes buscam espa\u00e7o nas casas legislativas para ganhar espa\u00e7o no cen\u00e1rio pol\u00edtico. Atualmente, nove suplentes est\u00e3o com mandato em exerc\u00edcio na Assembleia Legislativa do Cear\u00e1, enquanto a C\u00e2mara Municipal de Fortaleza conta sete suplentes em atividade com mandato. Na Assembleia Legislativa s\u00e3o suplentes em exerc\u00edcio Tomaz Holanda (Avante), Almir Bi\u00e9 (PP), Ant\u00f4nio Granja (PDT), Bruno Pedrosa (PDT), Dr. Alo\u00edsio (Uni\u00e3o), Guilherme Bismarck (PDT), Guilherme Sampaio (PT), Nizo Costa (PT) e Sim\u00e3o Pedro (PSD).&hellip;<\/p>\n","protected":false},"author":1,"featured_media":32891,"comment_status":"open","ping_status":"open","sticky":false,"template":"","format":"standard","meta":{"footnotes":""},"categories":[1],"tags":[],"class_list":["post-32890","post","type-post","status-publish","format-standard","has-post-thumbnail","hentry","category-noticias"],"_links":{"self":[{"href":"https:\/\/blogdorogeriogomes.com.br\/noticias\/wp-json\/wp\/v2\/posts\/32890","targetHints":{"allow":["GET"]}}],"collection":[{"href":"https:\/\/blogdorogeriogomes.com.br\/noticias\/wp-json\/wp\/v2\/posts"}],"about":[{"href":"https:\/\/blogdorogeriogomes.com.br\/noticias\/wp-json\/wp\/v2\/types\/post"}],"author":[{"embeddable":true,"href":"https:\/\/blogdorogeriogomes.com.br\/noticias\/wp-json\/wp\/v2\/users\/1"}],"replies":[{"embeddable":true,"href":"https:\/\/blogdorogeriogomes.com.br\/noticias\/wp-json\/wp\/v2\/comments?post=32890"}],"version-history":[{"count":1,"href":"https:\/\/blogdorogeriogomes.com.br\/noticias\/wp-json\/wp\/v2\/posts\/32890\/revisions"}],"predecessor-version":[{"id":32892,"href":"https:\/\/blogdorogeriogomes.com.br\/noticias\/wp-json\/wp\/v2\/posts\/32890\/revisions\/32892"}],"wp:featuredmedia":[{"embeddable":true,"href":"https:\/\/blogdorogeriogomes.com.br\/noticias\/wp-json\/wp\/v2\/media\/32891"}],"wp:attachment":[{"href":"https:\/\/blogdorogeriogomes.com.br\/noticias\/wp-json\/wp\/v2\/media?parent=32890"}],"wp:term":[{"taxonomy":"category","embeddable":true,"href":"https:\/\/blogdorogeriogomes.com.br\/noticias\/wp-json\/wp\/v2\/categories?post=32890"},{"taxonomy":"post_tag","embeddable":true,"href":"https:\/\/blogdorogeriogomes.com.br\/noticias\/wp-json\/wp\/v2\/tags?post=32890"}],"curies":[{"name":"wp","href":"https:\/\/api.w.org\/{rel}","templated":true}]}}