{"id":32894,"date":"2024-06-06T10:40:40","date_gmt":"2024-06-06T10:40:40","guid":{"rendered":"https:\/\/blogdorogeriogomes.com.br\/noticias\/?p=32894"},"modified":"2024-06-06T10:40:41","modified_gmt":"2024-06-06T10:40:41","slug":"atendimento-da-cnh-popular-2023-aos-aprovados-de-fortaleza-comeca-a-partir-de-1-de-julho","status":"publish","type":"post","link":"https:\/\/blogdorogeriogomes.com.br\/noticias\/2024\/06\/atendimento-da-cnh-popular-2023-aos-aprovados-de-fortaleza-comeca-a-partir-de-1-de-julho\/","title":{"rendered":"Atendimento da CNH Popular 2023 aos aprovados de Fortaleza come\u00e7a a partir de 1\u00b0 de julho"},"content":{"rendered":"\n<p>O Departamento Estadual de Tr\u00e2nsito (Detran-CE), inicia, a partir do dia 1\u00ba de julho, o atendimento aos candidatos de Fortaleza com inscri\u00e7\u00f5es aprovadas no programa CNH Popular 2023.\u00a0Ser\u00e3o 5 mil pessoas beneficiadas na Capital com a primeira habilita\u00e7\u00e3o nas categorias A (moto) e B (carro). Fortaleza se enquadra nos requisitos necess\u00e1rios para o 1\u00ba grupo de atendimento, por j\u00e1 possuir autoescolas, coletas de biometria e cl\u00ednicas credenciadas.<\/p>\n\n\n\n<p>Destinado a pessoas de baixa renda, o programa CNH Popular \u00e9 uma iniciativa do Governo do Cear\u00e1 junto ao Detran-CE, no qual 25 mil cearenses foram contemplados na etapa de 2023, com a primeira habilita\u00e7\u00e3o nas categorias A (moto) e B (carro), sendo 5 mil carteiras de motorista para Fortaleza e 20 mil distribu\u00eddas para os demais 183 munic\u00edpios. Desde 2009, quando foi lan\u00e7ado, o programa j\u00e1 beneficiou mais de 164 mil cearenses.<\/p>\n\n\n\n<figure class=\"wp-block-image size-large\"><img loading=\"lazy\" decoding=\"async\" width=\"1024\" height=\"576\" src=\"https:\/\/blogdorogeriogomes.com.br\/noticias\/wp-content\/uploads\/2024\/06\/WhatsApp-Image-2024-06-05-at-12.54.56-1200x675-1-1024x576.jpeg\" alt=\"\" class=\"wp-image-32895\" srcset=\"https:\/\/blogdorogeriogomes.com.br\/noticias\/wp-content\/uploads\/2024\/06\/WhatsApp-Image-2024-06-05-at-12.54.56-1200x675-1-1024x576.jpeg 1024w, https:\/\/blogdorogeriogomes.com.br\/noticias\/wp-content\/uploads\/2024\/06\/WhatsApp-Image-2024-06-05-at-12.54.56-1200x675-1-300x169.jpeg 300w, https:\/\/blogdorogeriogomes.com.br\/noticias\/wp-content\/uploads\/2024\/06\/WhatsApp-Image-2024-06-05-at-12.54.56-1200x675-1-768x432.jpeg 768w, https:\/\/blogdorogeriogomes.com.br\/noticias\/wp-content\/uploads\/2024\/06\/WhatsApp-Image-2024-06-05-at-12.54.56-1200x675-1-800x450.jpeg 800w, https:\/\/blogdorogeriogomes.com.br\/noticias\/wp-content\/uploads\/2024\/06\/WhatsApp-Image-2024-06-05-at-12.54.56-1200x675-1.jpeg 1200w\" sizes=\"auto, (max-width: 1024px) 100vw, 1024px\" \/><\/figure>\n","protected":false},"excerpt":{"rendered":"<p>O Departamento Estadual de Tr\u00e2nsito (Detran-CE), inicia, a partir do dia 1\u00ba de julho, o atendimento aos candidatos de Fortaleza com inscri\u00e7\u00f5es aprovadas no programa CNH Popular 2023.\u00a0Ser\u00e3o 5 mil pessoas beneficiadas na Capital com a primeira habilita\u00e7\u00e3o nas categorias A (moto) e B (carro). Fortaleza se enquadra nos requisitos necess\u00e1rios para o 1\u00ba grupo de atendimento, por j\u00e1 possuir autoescolas, coletas de biometria e cl\u00ednicas credenciadas. Destinado a pessoas de baixa renda, o programa CNH Popular \u00e9 uma&hellip;<\/p>\n","protected":false},"author":1,"featured_media":32895,"comment_status":"open","ping_status":"open","sticky":false,"template":"","format":"standard","meta":{"footnotes":""},"categories":[1],"tags":[],"class_list":["post-32894","post","type-post","status-publish","format-standard","has-post-thumbnail","hentry","category-noticias"],"_links":{"self":[{"href":"https:\/\/blogdorogeriogomes.com.br\/noticias\/wp-json\/wp\/v2\/posts\/32894","targetHints":{"allow":["GET"]}}],"collection":[{"href":"https:\/\/blogdorogeriogomes.com.br\/noticias\/wp-json\/wp\/v2\/posts"}],"about":[{"href":"https:\/\/blogdorogeriogomes.com.br\/noticias\/wp-json\/wp\/v2\/types\/post"}],"author":[{"embeddable":true,"href":"https:\/\/blogdorogeriogomes.com.br\/noticias\/wp-json\/wp\/v2\/users\/1"}],"replies":[{"embeddable":true,"href":"https:\/\/blogdorogeriogomes.com.br\/noticias\/wp-json\/wp\/v2\/comments?post=32894"}],"version-history":[{"count":1,"href":"https:\/\/blogdorogeriogomes.com.br\/noticias\/wp-json\/wp\/v2\/posts\/32894\/revisions"}],"predecessor-version":[{"id":32896,"href":"https:\/\/blogdorogeriogomes.com.br\/noticias\/wp-json\/wp\/v2\/posts\/32894\/revisions\/32896"}],"wp:featuredmedia":[{"embeddable":true,"href":"https:\/\/blogdorogeriogomes.com.br\/noticias\/wp-json\/wp\/v2\/media\/32895"}],"wp:attachment":[{"href":"https:\/\/blogdorogeriogomes.com.br\/noticias\/wp-json\/wp\/v2\/media?parent=32894"}],"wp:term":[{"taxonomy":"category","embeddable":true,"href":"https:\/\/blogdorogeriogomes.com.br\/noticias\/wp-json\/wp\/v2\/categories?post=32894"},{"taxonomy":"post_tag","embeddable":true,"href":"https:\/\/blogdorogeriogomes.com.br\/noticias\/wp-json\/wp\/v2\/tags?post=32894"}],"curies":[{"name":"wp","href":"https:\/\/api.w.org\/{rel}","templated":true}]}}