{"id":32897,"date":"2024-06-06T10:51:14","date_gmt":"2024-06-06T10:51:14","guid":{"rendered":"https:\/\/blogdorogeriogomes.com.br\/noticias\/?p=32897"},"modified":"2024-06-06T10:51:14","modified_gmt":"2024-06-06T10:51:14","slug":"ministros-do-stf-e-stj-abrem-forum-municipal-de-seguranca-publica-em-fortaleza-nesta-sexta-feira","status":"publish","type":"post","link":"https:\/\/blogdorogeriogomes.com.br\/noticias\/2024\/06\/ministros-do-stf-e-stj-abrem-forum-municipal-de-seguranca-publica-em-fortaleza-nesta-sexta-feira\/","title":{"rendered":"Ministros do STF e STJ abrem F\u00f3rum Municipal de Seguran\u00e7a P\u00fablica em Fortaleza nesta sexta-feira"},"content":{"rendered":"\n<p>A C\u00e2mara Municipal de Fortaleza, por meio da Escola do Parlamento, realiza nesta sexta-feira, dia 7 de junho, o F\u00f3rum Municipal de Seguran\u00e7a P\u00fablica de Fortaleza. O evento acontece no Hotel Gran Mareiro e ter\u00e1 como confer\u00eancia de abertura:\u00a0Desafios e Perspectivas da Seguran\u00e7a P\u00fablica na Vis\u00e3o do STF e STJ com Ministro do Supremo Tribunal Federal (STF) Fl\u00e1vio Dino e Ministro do Superior Tribunal de Justi\u00e7a (STJ) Joel Ilan.<\/p>\n\n\n\n<p>O F\u00f3rum tem o objetivo atender \u00e0s necessidades dos servidores, parlamentares e cidad\u00e3os interessados na pauta, o curso \u00e9 totalmente gratuito e aberto ao p\u00fablico.<\/p>\n\n\n\n<p>O evento vai debater tamb\u00e9m \u201cPossibilidades e Desafios da Atua\u00e7\u00e3o dos Munic\u00edpios na Seguran\u00e7a P\u00fablica\u201d. A palestra ser\u00e1 ministrada pelo doutor em Sociologia, Fl\u00e1vio Sapori. O F\u00f3rum ser\u00e1 encerrado com a palestra do doutor em pol\u00edticas p\u00fablicas Alberto Kopittke, intitulada \u201cSeguran\u00e7a P\u00fablica Baseada em Evid\u00eancias: A Preven\u00e7\u00e3o da Viol\u00eancia na Cidade\u201d.<\/p>\n\n\n\n<figure class=\"wp-block-image size-full\"><img loading=\"lazy\" decoding=\"async\" width=\"678\" height=\"452\" src=\"https:\/\/blogdorogeriogomes.com.br\/noticias\/wp-content\/uploads\/2024\/06\/images-41.jpeg\" alt=\"\" class=\"wp-image-32898\" srcset=\"https:\/\/blogdorogeriogomes.com.br\/noticias\/wp-content\/uploads\/2024\/06\/images-41.jpeg 678w, https:\/\/blogdorogeriogomes.com.br\/noticias\/wp-content\/uploads\/2024\/06\/images-41-300x200.jpeg 300w\" sizes=\"auto, (max-width: 678px) 100vw, 678px\" \/><\/figure>\n","protected":false},"excerpt":{"rendered":"<p>A C\u00e2mara Municipal de Fortaleza, por meio da Escola do Parlamento, realiza nesta sexta-feira, dia 7 de junho, o F\u00f3rum Municipal de Seguran\u00e7a P\u00fablica de Fortaleza. O evento acontece no Hotel Gran Mareiro e ter\u00e1 como confer\u00eancia de abertura:\u00a0Desafios e Perspectivas da Seguran\u00e7a P\u00fablica na Vis\u00e3o do STF e STJ com Ministro do Supremo Tribunal Federal (STF) Fl\u00e1vio Dino e Ministro do Superior Tribunal de Justi\u00e7a (STJ) Joel Ilan. O F\u00f3rum tem o objetivo atender \u00e0s necessidades dos servidores,&hellip;<\/p>\n","protected":false},"author":1,"featured_media":32898,"comment_status":"open","ping_status":"open","sticky":false,"template":"","format":"standard","meta":{"footnotes":""},"categories":[1],"tags":[],"class_list":["post-32897","post","type-post","status-publish","format-standard","has-post-thumbnail","hentry","category-noticias"],"_links":{"self":[{"href":"https:\/\/blogdorogeriogomes.com.br\/noticias\/wp-json\/wp\/v2\/posts\/32897","targetHints":{"allow":["GET"]}}],"collection":[{"href":"https:\/\/blogdorogeriogomes.com.br\/noticias\/wp-json\/wp\/v2\/posts"}],"about":[{"href":"https:\/\/blogdorogeriogomes.com.br\/noticias\/wp-json\/wp\/v2\/types\/post"}],"author":[{"embeddable":true,"href":"https:\/\/blogdorogeriogomes.com.br\/noticias\/wp-json\/wp\/v2\/users\/1"}],"replies":[{"embeddable":true,"href":"https:\/\/blogdorogeriogomes.com.br\/noticias\/wp-json\/wp\/v2\/comments?post=32897"}],"version-history":[{"count":1,"href":"https:\/\/blogdorogeriogomes.com.br\/noticias\/wp-json\/wp\/v2\/posts\/32897\/revisions"}],"predecessor-version":[{"id":32899,"href":"https:\/\/blogdorogeriogomes.com.br\/noticias\/wp-json\/wp\/v2\/posts\/32897\/revisions\/32899"}],"wp:featuredmedia":[{"embeddable":true,"href":"https:\/\/blogdorogeriogomes.com.br\/noticias\/wp-json\/wp\/v2\/media\/32898"}],"wp:attachment":[{"href":"https:\/\/blogdorogeriogomes.com.br\/noticias\/wp-json\/wp\/v2\/media?parent=32897"}],"wp:term":[{"taxonomy":"category","embeddable":true,"href":"https:\/\/blogdorogeriogomes.com.br\/noticias\/wp-json\/wp\/v2\/categories?post=32897"},{"taxonomy":"post_tag","embeddable":true,"href":"https:\/\/blogdorogeriogomes.com.br\/noticias\/wp-json\/wp\/v2\/tags?post=32897"}],"curies":[{"name":"wp","href":"https:\/\/api.w.org\/{rel}","templated":true}]}}