{"id":32906,"date":"2024-06-07T08:51:43","date_gmt":"2024-06-07T08:51:43","guid":{"rendered":"https:\/\/blogdorogeriogomes.com.br\/noticias\/?p=32906"},"modified":"2024-06-07T08:51:44","modified_gmt":"2024-06-07T08:51:44","slug":"capitao-wagner-lanca-pre-candidatura-com-a-presenca-de-liderancas-nacionais-do-uniao-brasil","status":"publish","type":"post","link":"https:\/\/blogdorogeriogomes.com.br\/noticias\/2024\/06\/capitao-wagner-lanca-pre-candidatura-com-a-presenca-de-liderancas-nacionais-do-uniao-brasil\/","title":{"rendered":"Capit\u00e3o Wagner lan\u00e7a pr\u00e9-candidatura com a presen\u00e7a de lideran\u00e7as nacionais do Uni\u00e3o Brasil"},"content":{"rendered":"\n<p>O ex-deputado federal<strong>\u00a0<\/strong>Capit\u00e3o Wagner lan\u00e7ou, nesta quinta-feira, dia 6 de junho, sua\u00a0pr\u00e9 -candidatura \u00e0 Prefeitura de Fortaleza durante o Encontro Estadual do Uni\u00e3o Brasil. Wagner afirmou que tem mantido conversas em busca de uma alian\u00e7a para o pleito com outros pr\u00e9-candidatos de direita, como s\u00e3o os casos do deputado federal Andr\u00e9 Fernandes (PL) e do senador Lu\u00eds Eduardo Gir\u00e3o (Novo).<\/p>\n\n\n\n<p>Wagner prometeu construir uma candidatura madura, sem ofensas e com propostas para a Capital. O evento de lan\u00e7amento teve a presen\u00e7a do presidente do Uni\u00e3o Brasil, Ant\u00f4nio Rueda; do governador de Goi\u00e1s, Ronaldo Caiado; do ex-prefeito de Salvador, ACM Neto; al\u00e9m de lideran\u00e7as locais, como os deputados federais Danilo Forte, Fernanda Pessoa, Dayany Bittencourt e Moses Rodrigues.<\/p>\n\n\n\n<figure class=\"wp-block-image size-large\"><img loading=\"lazy\" decoding=\"async\" width=\"1024\" height=\"683\" src=\"https:\/\/blogdorogeriogomes.com.br\/noticias\/wp-content\/uploads\/2024\/06\/CW-1024x683.webp\" alt=\"\" class=\"wp-image-32907\" srcset=\"https:\/\/blogdorogeriogomes.com.br\/noticias\/wp-content\/uploads\/2024\/06\/CW-1024x683.webp 1024w, https:\/\/blogdorogeriogomes.com.br\/noticias\/wp-content\/uploads\/2024\/06\/CW-300x200.webp 300w, https:\/\/blogdorogeriogomes.com.br\/noticias\/wp-content\/uploads\/2024\/06\/CW-768x512.webp 768w, https:\/\/blogdorogeriogomes.com.br\/noticias\/wp-content\/uploads\/2024\/06\/CW-1536x1024.webp 1536w, https:\/\/blogdorogeriogomes.com.br\/noticias\/wp-content\/uploads\/2024\/06\/CW-2048x1365.webp 2048w, https:\/\/blogdorogeriogomes.com.br\/noticias\/wp-content\/uploads\/2024\/06\/CW-800x533.webp 800w\" sizes=\"auto, (max-width: 1024px) 100vw, 1024px\" \/><\/figure>\n","protected":false},"excerpt":{"rendered":"<p>O ex-deputado federal\u00a0Capit\u00e3o Wagner lan\u00e7ou, nesta quinta-feira, dia 6 de junho, sua\u00a0pr\u00e9 -candidatura \u00e0 Prefeitura de Fortaleza durante o Encontro Estadual do Uni\u00e3o Brasil. Wagner afirmou que tem mantido conversas em busca de uma alian\u00e7a para o pleito com outros pr\u00e9-candidatos de direita, como s\u00e3o os casos do deputado federal Andr\u00e9 Fernandes (PL) e do senador Lu\u00eds Eduardo Gir\u00e3o (Novo). Wagner prometeu construir uma candidatura madura, sem ofensas e com propostas para a Capital. O evento de lan\u00e7amento teve&hellip;<\/p>\n","protected":false},"author":1,"featured_media":32907,"comment_status":"open","ping_status":"open","sticky":false,"template":"","format":"standard","meta":{"footnotes":""},"categories":[1],"tags":[],"class_list":["post-32906","post","type-post","status-publish","format-standard","has-post-thumbnail","hentry","category-noticias"],"_links":{"self":[{"href":"https:\/\/blogdorogeriogomes.com.br\/noticias\/wp-json\/wp\/v2\/posts\/32906","targetHints":{"allow":["GET"]}}],"collection":[{"href":"https:\/\/blogdorogeriogomes.com.br\/noticias\/wp-json\/wp\/v2\/posts"}],"about":[{"href":"https:\/\/blogdorogeriogomes.com.br\/noticias\/wp-json\/wp\/v2\/types\/post"}],"author":[{"embeddable":true,"href":"https:\/\/blogdorogeriogomes.com.br\/noticias\/wp-json\/wp\/v2\/users\/1"}],"replies":[{"embeddable":true,"href":"https:\/\/blogdorogeriogomes.com.br\/noticias\/wp-json\/wp\/v2\/comments?post=32906"}],"version-history":[{"count":1,"href":"https:\/\/blogdorogeriogomes.com.br\/noticias\/wp-json\/wp\/v2\/posts\/32906\/revisions"}],"predecessor-version":[{"id":32908,"href":"https:\/\/blogdorogeriogomes.com.br\/noticias\/wp-json\/wp\/v2\/posts\/32906\/revisions\/32908"}],"wp:featuredmedia":[{"embeddable":true,"href":"https:\/\/blogdorogeriogomes.com.br\/noticias\/wp-json\/wp\/v2\/media\/32907"}],"wp:attachment":[{"href":"https:\/\/blogdorogeriogomes.com.br\/noticias\/wp-json\/wp\/v2\/media?parent=32906"}],"wp:term":[{"taxonomy":"category","embeddable":true,"href":"https:\/\/blogdorogeriogomes.com.br\/noticias\/wp-json\/wp\/v2\/categories?post=32906"},{"taxonomy":"post_tag","embeddable":true,"href":"https:\/\/blogdorogeriogomes.com.br\/noticias\/wp-json\/wp\/v2\/tags?post=32906"}],"curies":[{"name":"wp","href":"https:\/\/api.w.org\/{rel}","templated":true}]}}