{"id":32909,"date":"2024-06-07T09:01:41","date_gmt":"2024-06-07T09:01:41","guid":{"rendered":"https:\/\/blogdorogeriogomes.com.br\/noticias\/?p=32909"},"modified":"2024-06-07T09:01:41","modified_gmt":"2024-06-07T09:01:41","slug":"prefeitura-entrega-nova-iluminacao-da-ponte-da-barra-do-ceara-que-liga-fortaleza-a-caucaia","status":"publish","type":"post","link":"https:\/\/blogdorogeriogomes.com.br\/noticias\/2024\/06\/prefeitura-entrega-nova-iluminacao-da-ponte-da-barra-do-ceara-que-liga-fortaleza-a-caucaia\/","title":{"rendered":"Prefeitura entrega nova ilumina\u00e7\u00e3o da ponte da Barra do Cear\u00e1 que liga Fortaleza a Caucaia"},"content":{"rendered":"\n<p>O prefeito de Fortaleza, Jos\u00e9 Sarto, entregou a nova ilumina\u00e7\u00e3o da ponte sobre o Rio Cear\u00e1, na Barra do Cear\u00e1, nesta quinta-feira, dia 6 de junho. A estrutura, que conecta Fortaleza ao munic\u00edpio de Caucaia, recebeu ilumina\u00e7\u00e3o art\u00edstica de realce e se torna um novo cart\u00e3o postal noturno da Capital.<\/p>\n\n\n\n<p>Toda a ilumina\u00e7\u00e3o vi\u00e1ria da ponte tamb\u00e9m foi modernizada, com instala\u00e7\u00e3o de LED, refor\u00e7ando a efici\u00eancia luminosa da regi\u00e3o. Al\u00e9m disso, a Av. Leste Oeste foi contemplada com obra de recapeamento e nova sinaliza\u00e7\u00e3o, em 5,5km da via, incluindo a ponte.<\/p>\n\n\n\n<figure class=\"wp-block-image size-full\"><img loading=\"lazy\" decoding=\"async\" width=\"750\" height=\"500\" src=\"https:\/\/blogdorogeriogomes.com.br\/noticias\/wp-content\/uploads\/2024\/06\/1_ponte_ilumindada_2-27323480.jpg\" alt=\"\" class=\"wp-image-32910\" srcset=\"https:\/\/blogdorogeriogomes.com.br\/noticias\/wp-content\/uploads\/2024\/06\/1_ponte_ilumindada_2-27323480.jpg 750w, https:\/\/blogdorogeriogomes.com.br\/noticias\/wp-content\/uploads\/2024\/06\/1_ponte_ilumindada_2-27323480-300x200.jpg 300w\" sizes=\"auto, (max-width: 750px) 100vw, 750px\" \/><\/figure>\n","protected":false},"excerpt":{"rendered":"<p>O prefeito de Fortaleza, Jos\u00e9 Sarto, entregou a nova ilumina\u00e7\u00e3o da ponte sobre o Rio Cear\u00e1, na Barra do Cear\u00e1, nesta quinta-feira, dia 6 de junho. A estrutura, que conecta Fortaleza ao munic\u00edpio de Caucaia, recebeu ilumina\u00e7\u00e3o art\u00edstica de realce e se torna um novo cart\u00e3o postal noturno da Capital. Toda a ilumina\u00e7\u00e3o vi\u00e1ria da ponte tamb\u00e9m foi modernizada, com instala\u00e7\u00e3o de LED, refor\u00e7ando a efici\u00eancia luminosa da regi\u00e3o. Al\u00e9m disso, a Av. Leste Oeste foi contemplada com obra&hellip;<\/p>\n","protected":false},"author":1,"featured_media":32910,"comment_status":"open","ping_status":"open","sticky":false,"template":"","format":"standard","meta":{"footnotes":""},"categories":[1],"tags":[],"class_list":["post-32909","post","type-post","status-publish","format-standard","has-post-thumbnail","hentry","category-noticias"],"_links":{"self":[{"href":"https:\/\/blogdorogeriogomes.com.br\/noticias\/wp-json\/wp\/v2\/posts\/32909","targetHints":{"allow":["GET"]}}],"collection":[{"href":"https:\/\/blogdorogeriogomes.com.br\/noticias\/wp-json\/wp\/v2\/posts"}],"about":[{"href":"https:\/\/blogdorogeriogomes.com.br\/noticias\/wp-json\/wp\/v2\/types\/post"}],"author":[{"embeddable":true,"href":"https:\/\/blogdorogeriogomes.com.br\/noticias\/wp-json\/wp\/v2\/users\/1"}],"replies":[{"embeddable":true,"href":"https:\/\/blogdorogeriogomes.com.br\/noticias\/wp-json\/wp\/v2\/comments?post=32909"}],"version-history":[{"count":1,"href":"https:\/\/blogdorogeriogomes.com.br\/noticias\/wp-json\/wp\/v2\/posts\/32909\/revisions"}],"predecessor-version":[{"id":32911,"href":"https:\/\/blogdorogeriogomes.com.br\/noticias\/wp-json\/wp\/v2\/posts\/32909\/revisions\/32911"}],"wp:featuredmedia":[{"embeddable":true,"href":"https:\/\/blogdorogeriogomes.com.br\/noticias\/wp-json\/wp\/v2\/media\/32910"}],"wp:attachment":[{"href":"https:\/\/blogdorogeriogomes.com.br\/noticias\/wp-json\/wp\/v2\/media?parent=32909"}],"wp:term":[{"taxonomy":"category","embeddable":true,"href":"https:\/\/blogdorogeriogomes.com.br\/noticias\/wp-json\/wp\/v2\/categories?post=32909"},{"taxonomy":"post_tag","embeddable":true,"href":"https:\/\/blogdorogeriogomes.com.br\/noticias\/wp-json\/wp\/v2\/tags?post=32909"}],"curies":[{"name":"wp","href":"https:\/\/api.w.org\/{rel}","templated":true}]}}