{"id":32912,"date":"2024-06-07T09:11:22","date_gmt":"2024-06-07T09:11:22","guid":{"rendered":"https:\/\/blogdorogeriogomes.com.br\/noticias\/?p=32912"},"modified":"2024-06-07T09:11:23","modified_gmt":"2024-06-07T09:11:23","slug":"educacao-publica-cearense-tem-aprovacao-recorde-com-mais-de-22-mil-estudantes-da-rede-estadual-ingressando-no-ensino-superior-em-2023","status":"publish","type":"post","link":"https:\/\/blogdorogeriogomes.com.br\/noticias\/2024\/06\/educacao-publica-cearense-tem-aprovacao-recorde-com-mais-de-22-mil-estudantes-da-rede-estadual-ingressando-no-ensino-superior-em-2023\/","title":{"rendered":"Educa\u00e7\u00e3o p\u00fablica cearense tem aprova\u00e7\u00e3o recorde com mais de 22 mil estudantes da rede estadual ingressando no Ensino Superior em 2023"},"content":{"rendered":"\n<p>O Cear\u00e1 conseguiu mais um \u00edndice positivo na educa\u00e7\u00e3o p\u00fablica. 22.531 estudantes da rede estadual ingressaram em institui\u00e7\u00f5es p\u00fablicas e privadas de Ensino Superior em 2023. Os n\u00fameros, que demonstram aprova\u00e7\u00e3o recorde, foram apresentados pelo governador Elmano de Freitas no lan\u00e7amento do Enem Chego Junto, Chego Bem 2024, no Centro de Forma\u00e7\u00e3o e Desenvolvimento para Profissionais da Educa\u00e7\u00e3o (FormaCE), em Fortaleza. Estudantes, professores, secret\u00e1rias de Estado e outras autoridades estiveram presentes.<\/p>\n\n\n\n<p>O \u00edndice de aprovados tem apresentado um salto nos \u00faltimos anos. Em 2022, por exemplo, o n\u00famero de aprovados foi de 18.529. O recorde anterior de aprovados tinha sido 21.217 em 2019.<\/p>\n\n\n\n<figure class=\"wp-block-image size-large\"><img loading=\"lazy\" decoding=\"async\" width=\"1024\" height=\"683\" src=\"https:\/\/blogdorogeriogomes.com.br\/noticias\/wp-content\/uploads\/2024\/06\/20240606083539__MG_8399-1200x800-1-1024x683.jpg\" alt=\"\" class=\"wp-image-32913\" srcset=\"https:\/\/blogdorogeriogomes.com.br\/noticias\/wp-content\/uploads\/2024\/06\/20240606083539__MG_8399-1200x800-1-1024x683.jpg 1024w, https:\/\/blogdorogeriogomes.com.br\/noticias\/wp-content\/uploads\/2024\/06\/20240606083539__MG_8399-1200x800-1-300x200.jpg 300w, https:\/\/blogdorogeriogomes.com.br\/noticias\/wp-content\/uploads\/2024\/06\/20240606083539__MG_8399-1200x800-1-768x512.jpg 768w, https:\/\/blogdorogeriogomes.com.br\/noticias\/wp-content\/uploads\/2024\/06\/20240606083539__MG_8399-1200x800-1-800x533.jpg 800w, https:\/\/blogdorogeriogomes.com.br\/noticias\/wp-content\/uploads\/2024\/06\/20240606083539__MG_8399-1200x800-1.jpg 1200w\" sizes=\"auto, (max-width: 1024px) 100vw, 1024px\" \/><\/figure>\n","protected":false},"excerpt":{"rendered":"<p>O Cear\u00e1 conseguiu mais um \u00edndice positivo na educa\u00e7\u00e3o p\u00fablica. 22.531 estudantes da rede estadual ingressaram em institui\u00e7\u00f5es p\u00fablicas e privadas de Ensino Superior em 2023. Os n\u00fameros, que demonstram aprova\u00e7\u00e3o recorde, foram apresentados pelo governador Elmano de Freitas no lan\u00e7amento do Enem Chego Junto, Chego Bem 2024, no Centro de Forma\u00e7\u00e3o e Desenvolvimento para Profissionais da Educa\u00e7\u00e3o (FormaCE), em Fortaleza. Estudantes, professores, secret\u00e1rias de Estado e outras autoridades estiveram presentes. O \u00edndice de aprovados tem apresentado um salto&hellip;<\/p>\n","protected":false},"author":1,"featured_media":32913,"comment_status":"open","ping_status":"open","sticky":false,"template":"","format":"standard","meta":{"footnotes":""},"categories":[1],"tags":[],"class_list":["post-32912","post","type-post","status-publish","format-standard","has-post-thumbnail","hentry","category-noticias"],"_links":{"self":[{"href":"https:\/\/blogdorogeriogomes.com.br\/noticias\/wp-json\/wp\/v2\/posts\/32912","targetHints":{"allow":["GET"]}}],"collection":[{"href":"https:\/\/blogdorogeriogomes.com.br\/noticias\/wp-json\/wp\/v2\/posts"}],"about":[{"href":"https:\/\/blogdorogeriogomes.com.br\/noticias\/wp-json\/wp\/v2\/types\/post"}],"author":[{"embeddable":true,"href":"https:\/\/blogdorogeriogomes.com.br\/noticias\/wp-json\/wp\/v2\/users\/1"}],"replies":[{"embeddable":true,"href":"https:\/\/blogdorogeriogomes.com.br\/noticias\/wp-json\/wp\/v2\/comments?post=32912"}],"version-history":[{"count":1,"href":"https:\/\/blogdorogeriogomes.com.br\/noticias\/wp-json\/wp\/v2\/posts\/32912\/revisions"}],"predecessor-version":[{"id":32914,"href":"https:\/\/blogdorogeriogomes.com.br\/noticias\/wp-json\/wp\/v2\/posts\/32912\/revisions\/32914"}],"wp:featuredmedia":[{"embeddable":true,"href":"https:\/\/blogdorogeriogomes.com.br\/noticias\/wp-json\/wp\/v2\/media\/32913"}],"wp:attachment":[{"href":"https:\/\/blogdorogeriogomes.com.br\/noticias\/wp-json\/wp\/v2\/media?parent=32912"}],"wp:term":[{"taxonomy":"category","embeddable":true,"href":"https:\/\/blogdorogeriogomes.com.br\/noticias\/wp-json\/wp\/v2\/categories?post=32912"},{"taxonomy":"post_tag","embeddable":true,"href":"https:\/\/blogdorogeriogomes.com.br\/noticias\/wp-json\/wp\/v2\/tags?post=32912"}],"curies":[{"name":"wp","href":"https:\/\/api.w.org\/{rel}","templated":true}]}}