{"id":32915,"date":"2024-06-08T10:37:35","date_gmt":"2024-06-08T10:37:35","guid":{"rendered":"https:\/\/blogdorogeriogomes.com.br\/noticias\/?p=32915"},"modified":"2024-06-08T10:37:35","modified_gmt":"2024-06-08T10:37:35","slug":"vice-andre-barreto-e-o-pre-candidato-do-atual-prefeito-ze-ailton-brasil-no-crato","status":"publish","type":"post","link":"https:\/\/blogdorogeriogomes.com.br\/noticias\/2024\/06\/vice-andre-barreto-e-o-pre-candidato-do-atual-prefeito-ze-ailton-brasil-no-crato\/","title":{"rendered":"Vice Andr\u00e9 Barreto \u00e9 o pr\u00e9-candidato do atual prefeito Z\u00e9 Ailton Brasil no Crato"},"content":{"rendered":"\n<p>Em Juazeiro do Norte, o PT tem como pr\u00e9-candidato a prefeito o atual vice-presidente da Assembleia Legislativa, Fernando Santana. Agora saiu a defini\u00e7\u00e3o em rela\u00e7\u00e3o ao Crato, tamb\u00e9m na Regi\u00e3o do Cariri. O vice-prefeito Andr\u00e9 Barreto (PT) foi escolhido como pr\u00e9-candidato a prefeito nas elei\u00e7\u00f5es municipais deste ano. A indica\u00e7\u00e3o partiu do prefeito Z\u00e9 Ailton Brasil (PT). <\/p>\n\n\n\n<p>Andr\u00e9 Barreto ocupa o cargo de vice-prefeito de Z\u00e9 Ailton Brasil desde 2017. Ele j\u00e1 foi vereador do Crato e secret\u00e1rio de Meio Ambiente do Cear\u00e1, na gest\u00e3o do ex-governador Cid Gomes (PSB).<\/p>\n\n\n\n<figure class=\"wp-block-image size-full\"><img loading=\"lazy\" decoding=\"async\" width=\"531\" height=\"425\" src=\"https:\/\/blogdorogeriogomes.com.br\/noticias\/wp-content\/uploads\/2024\/06\/IMG_66432.jpeg\" alt=\"\" class=\"wp-image-32916\" srcset=\"https:\/\/blogdorogeriogomes.com.br\/noticias\/wp-content\/uploads\/2024\/06\/IMG_66432.jpeg 531w, https:\/\/blogdorogeriogomes.com.br\/noticias\/wp-content\/uploads\/2024\/06\/IMG_66432-300x240.jpeg 300w\" sizes=\"auto, (max-width: 531px) 100vw, 531px\" \/><\/figure>\n","protected":false},"excerpt":{"rendered":"<p>Em Juazeiro do Norte, o PT tem como pr\u00e9-candidato a prefeito o atual vice-presidente da Assembleia Legislativa, Fernando Santana. Agora saiu a defini\u00e7\u00e3o em rela\u00e7\u00e3o ao Crato, tamb\u00e9m na Regi\u00e3o do Cariri. O vice-prefeito Andr\u00e9 Barreto (PT) foi escolhido como pr\u00e9-candidato a prefeito nas elei\u00e7\u00f5es municipais deste ano. A indica\u00e7\u00e3o partiu do prefeito Z\u00e9 Ailton Brasil (PT). Andr\u00e9 Barreto ocupa o cargo de vice-prefeito de Z\u00e9 Ailton Brasil desde 2017. Ele j\u00e1 foi vereador do Crato e secret\u00e1rio de&hellip;<\/p>\n","protected":false},"author":1,"featured_media":32916,"comment_status":"open","ping_status":"open","sticky":false,"template":"","format":"standard","meta":{"footnotes":""},"categories":[1],"tags":[],"class_list":["post-32915","post","type-post","status-publish","format-standard","has-post-thumbnail","hentry","category-noticias"],"_links":{"self":[{"href":"https:\/\/blogdorogeriogomes.com.br\/noticias\/wp-json\/wp\/v2\/posts\/32915","targetHints":{"allow":["GET"]}}],"collection":[{"href":"https:\/\/blogdorogeriogomes.com.br\/noticias\/wp-json\/wp\/v2\/posts"}],"about":[{"href":"https:\/\/blogdorogeriogomes.com.br\/noticias\/wp-json\/wp\/v2\/types\/post"}],"author":[{"embeddable":true,"href":"https:\/\/blogdorogeriogomes.com.br\/noticias\/wp-json\/wp\/v2\/users\/1"}],"replies":[{"embeddable":true,"href":"https:\/\/blogdorogeriogomes.com.br\/noticias\/wp-json\/wp\/v2\/comments?post=32915"}],"version-history":[{"count":1,"href":"https:\/\/blogdorogeriogomes.com.br\/noticias\/wp-json\/wp\/v2\/posts\/32915\/revisions"}],"predecessor-version":[{"id":32917,"href":"https:\/\/blogdorogeriogomes.com.br\/noticias\/wp-json\/wp\/v2\/posts\/32915\/revisions\/32917"}],"wp:featuredmedia":[{"embeddable":true,"href":"https:\/\/blogdorogeriogomes.com.br\/noticias\/wp-json\/wp\/v2\/media\/32916"}],"wp:attachment":[{"href":"https:\/\/blogdorogeriogomes.com.br\/noticias\/wp-json\/wp\/v2\/media?parent=32915"}],"wp:term":[{"taxonomy":"category","embeddable":true,"href":"https:\/\/blogdorogeriogomes.com.br\/noticias\/wp-json\/wp\/v2\/categories?post=32915"},{"taxonomy":"post_tag","embeddable":true,"href":"https:\/\/blogdorogeriogomes.com.br\/noticias\/wp-json\/wp\/v2\/tags?post=32915"}],"curies":[{"name":"wp","href":"https:\/\/api.w.org\/{rel}","templated":true}]}}