{"id":32925,"date":"2024-06-11T09:14:13","date_gmt":"2024-06-11T09:14:13","guid":{"rendered":"https:\/\/blogdorogeriogomes.com.br\/noticias\/?p=32925"},"modified":"2024-06-11T09:14:14","modified_gmt":"2024-06-11T09:14:14","slug":"prefeito-de-maracanau-roberto-pessoa-recebe-apoio-da-executiva-nacional-do-pt-para-buscar-a-reeleicao","status":"publish","type":"post","link":"https:\/\/blogdorogeriogomes.com.br\/noticias\/2024\/06\/prefeito-de-maracanau-roberto-pessoa-recebe-apoio-da-executiva-nacional-do-pt-para-buscar-a-reeleicao\/","title":{"rendered":"Prefeito de Maracana\u00fa, Roberto Pessoa, recebe apoio da Executiva Nacional do PT para buscar a reelei\u00e7\u00e3o"},"content":{"rendered":"\n<p>A Executiva Nacional do PT confirmou a posi\u00e7\u00e3o do diret\u00f3rio municipal de Maracana\u00fa e homologou apoio \u00e0 pr\u00e9-candidatura de Roberto Pessoa (Uni\u00e3o Brasil), que busca a reelei\u00e7\u00e3o na Prefeitura do munic\u00edpio da Regi\u00e3o Metropolitana de Fortaleza. Parte do PT em Maracana\u00fa defendia a candidatura do deputado estadual  Julio Cesar Filho. Tese que foi derrubada na inst\u00e2ncia municipal, em mar\u00e7o deste ano.<\/p>\n\n\n\n<p>O PT nacional emitiu um documento que confirma o apoio em outros 25 munic\u00edpios brasileiros com mais de 100 mil eleitores considerados estrat\u00e9gicos pela inst\u00e2ncia nacional e onde o PT ter\u00e1 candidatura pr\u00f3pria ou far\u00e1 parte da alian\u00e7a pol\u00edtica.<\/p>\n\n\n\n<figure class=\"wp-block-image size-full\"><img loading=\"lazy\" decoding=\"async\" width=\"753\" height=\"550\" src=\"https:\/\/blogdorogeriogomes.com.br\/noticias\/wp-content\/uploads\/2024\/06\/Screenshot_20240610-205219_Facebook.jpg\" alt=\"\" class=\"wp-image-32926\" srcset=\"https:\/\/blogdorogeriogomes.com.br\/noticias\/wp-content\/uploads\/2024\/06\/Screenshot_20240610-205219_Facebook.jpg 753w, https:\/\/blogdorogeriogomes.com.br\/noticias\/wp-content\/uploads\/2024\/06\/Screenshot_20240610-205219_Facebook-300x219.jpg 300w\" sizes=\"auto, (max-width: 753px) 100vw, 753px\" \/><\/figure>\n","protected":false},"excerpt":{"rendered":"<p>A Executiva Nacional do PT confirmou a posi\u00e7\u00e3o do diret\u00f3rio municipal de Maracana\u00fa e homologou apoio \u00e0 pr\u00e9-candidatura de Roberto Pessoa (Uni\u00e3o Brasil), que busca a reelei\u00e7\u00e3o na Prefeitura do munic\u00edpio da Regi\u00e3o Metropolitana de Fortaleza. Parte do PT em Maracana\u00fa defendia a candidatura do deputado estadual Julio Cesar Filho. Tese que foi derrubada na inst\u00e2ncia municipal, em mar\u00e7o deste ano. O PT nacional emitiu um documento que confirma o apoio em outros 25 munic\u00edpios brasileiros com mais de&hellip;<\/p>\n","protected":false},"author":1,"featured_media":32926,"comment_status":"open","ping_status":"open","sticky":false,"template":"","format":"standard","meta":{"footnotes":""},"categories":[1],"tags":[],"class_list":["post-32925","post","type-post","status-publish","format-standard","has-post-thumbnail","hentry","category-noticias"],"_links":{"self":[{"href":"https:\/\/blogdorogeriogomes.com.br\/noticias\/wp-json\/wp\/v2\/posts\/32925","targetHints":{"allow":["GET"]}}],"collection":[{"href":"https:\/\/blogdorogeriogomes.com.br\/noticias\/wp-json\/wp\/v2\/posts"}],"about":[{"href":"https:\/\/blogdorogeriogomes.com.br\/noticias\/wp-json\/wp\/v2\/types\/post"}],"author":[{"embeddable":true,"href":"https:\/\/blogdorogeriogomes.com.br\/noticias\/wp-json\/wp\/v2\/users\/1"}],"replies":[{"embeddable":true,"href":"https:\/\/blogdorogeriogomes.com.br\/noticias\/wp-json\/wp\/v2\/comments?post=32925"}],"version-history":[{"count":1,"href":"https:\/\/blogdorogeriogomes.com.br\/noticias\/wp-json\/wp\/v2\/posts\/32925\/revisions"}],"predecessor-version":[{"id":32927,"href":"https:\/\/blogdorogeriogomes.com.br\/noticias\/wp-json\/wp\/v2\/posts\/32925\/revisions\/32927"}],"wp:featuredmedia":[{"embeddable":true,"href":"https:\/\/blogdorogeriogomes.com.br\/noticias\/wp-json\/wp\/v2\/media\/32926"}],"wp:attachment":[{"href":"https:\/\/blogdorogeriogomes.com.br\/noticias\/wp-json\/wp\/v2\/media?parent=32925"}],"wp:term":[{"taxonomy":"category","embeddable":true,"href":"https:\/\/blogdorogeriogomes.com.br\/noticias\/wp-json\/wp\/v2\/categories?post=32925"},{"taxonomy":"post_tag","embeddable":true,"href":"https:\/\/blogdorogeriogomes.com.br\/noticias\/wp-json\/wp\/v2\/tags?post=32925"}],"curies":[{"name":"wp","href":"https:\/\/api.w.org\/{rel}","templated":true}]}}