{"id":32928,"date":"2024-06-11T09:26:50","date_gmt":"2024-06-11T09:26:50","guid":{"rendered":"https:\/\/blogdorogeriogomes.com.br\/noticias\/?p=32928"},"modified":"2024-06-11T09:26:50","modified_gmt":"2024-06-11T09:26:50","slug":"governo-do-ceara-muda-local-onde-sera-construida-usina-de-dessalinizacao-na-praia-do-futuro","status":"publish","type":"post","link":"https:\/\/blogdorogeriogomes.com.br\/noticias\/2024\/06\/governo-do-ceara-muda-local-onde-sera-construida-usina-de-dessalinizacao-na-praia-do-futuro\/","title":{"rendered":"Governo do Cear\u00e1 muda local onde ser\u00e1 constru\u00edda usina de dessaliniza\u00e7\u00e3o na Praia do Futuro"},"content":{"rendered":"\n<p>O governador Elmano de Freitas (PT) decidiu mudar o local onde ser\u00e1 constru\u00edda a usina de dessaliniza\u00e7\u00e3o na Praia do Futuro, em Fortaleza. O novo terreno ficar\u00e1 a cerca de um quil\u00f4metro da proposta anteriormente prevista. A ideia \u00e9 colocar a usina mais distante dos cabos submarinos.\u00a0A press\u00e3o das empresas de telecomunica\u00e7\u00f5es para a mudan\u00e7a de local acontece desde setembro de 2022.<\/p>\n\n\n\n<p>No espa\u00e7o anterior, a meta agora \u00e9 construir um Centro Tecnol\u00f3gico. A proposta \u00e9 aproveitar a infraestrutura daquela \u00e1rea, onde se concentram os\u00a0cabos submarinos de internet e os data centers\u00a0para desenvolver a qualifica\u00e7\u00e3o profissional em tecnologia e estimular startups. Esse novo equipamento tamb\u00e9m deve ter rela\u00e7\u00e3o com a instala\u00e7\u00e3o do ITA do Cear\u00e1.<br><\/p>\n\n\n\n<figure class=\"wp-block-image size-full\"><img loading=\"lazy\" decoding=\"async\" width=\"418\" height=\"314\" src=\"https:\/\/blogdorogeriogomes.com.br\/noticias\/wp-content\/uploads\/2024\/06\/images-44.jpeg\" alt=\"\" class=\"wp-image-32929\" srcset=\"https:\/\/blogdorogeriogomes.com.br\/noticias\/wp-content\/uploads\/2024\/06\/images-44.jpeg 418w, https:\/\/blogdorogeriogomes.com.br\/noticias\/wp-content\/uploads\/2024\/06\/images-44-300x225.jpeg 300w, https:\/\/blogdorogeriogomes.com.br\/noticias\/wp-content\/uploads\/2024\/06\/images-44-400x300.jpeg 400w\" sizes=\"auto, (max-width: 418px) 100vw, 418px\" \/><\/figure>\n","protected":false},"excerpt":{"rendered":"<p>O governador Elmano de Freitas (PT) decidiu mudar o local onde ser\u00e1 constru\u00edda a usina de dessaliniza\u00e7\u00e3o na Praia do Futuro, em Fortaleza. O novo terreno ficar\u00e1 a cerca de um quil\u00f4metro da proposta anteriormente prevista. A ideia \u00e9 colocar a usina mais distante dos cabos submarinos.\u00a0A press\u00e3o das empresas de telecomunica\u00e7\u00f5es para a mudan\u00e7a de local acontece desde setembro de 2022. No espa\u00e7o anterior, a meta agora \u00e9 construir um Centro Tecnol\u00f3gico. A proposta \u00e9 aproveitar a infraestrutura&hellip;<\/p>\n","protected":false},"author":1,"featured_media":32929,"comment_status":"open","ping_status":"open","sticky":false,"template":"","format":"standard","meta":{"footnotes":""},"categories":[1],"tags":[],"class_list":["post-32928","post","type-post","status-publish","format-standard","has-post-thumbnail","hentry","category-noticias"],"_links":{"self":[{"href":"https:\/\/blogdorogeriogomes.com.br\/noticias\/wp-json\/wp\/v2\/posts\/32928","targetHints":{"allow":["GET"]}}],"collection":[{"href":"https:\/\/blogdorogeriogomes.com.br\/noticias\/wp-json\/wp\/v2\/posts"}],"about":[{"href":"https:\/\/blogdorogeriogomes.com.br\/noticias\/wp-json\/wp\/v2\/types\/post"}],"author":[{"embeddable":true,"href":"https:\/\/blogdorogeriogomes.com.br\/noticias\/wp-json\/wp\/v2\/users\/1"}],"replies":[{"embeddable":true,"href":"https:\/\/blogdorogeriogomes.com.br\/noticias\/wp-json\/wp\/v2\/comments?post=32928"}],"version-history":[{"count":1,"href":"https:\/\/blogdorogeriogomes.com.br\/noticias\/wp-json\/wp\/v2\/posts\/32928\/revisions"}],"predecessor-version":[{"id":32930,"href":"https:\/\/blogdorogeriogomes.com.br\/noticias\/wp-json\/wp\/v2\/posts\/32928\/revisions\/32930"}],"wp:featuredmedia":[{"embeddable":true,"href":"https:\/\/blogdorogeriogomes.com.br\/noticias\/wp-json\/wp\/v2\/media\/32929"}],"wp:attachment":[{"href":"https:\/\/blogdorogeriogomes.com.br\/noticias\/wp-json\/wp\/v2\/media?parent=32928"}],"wp:term":[{"taxonomy":"category","embeddable":true,"href":"https:\/\/blogdorogeriogomes.com.br\/noticias\/wp-json\/wp\/v2\/categories?post=32928"},{"taxonomy":"post_tag","embeddable":true,"href":"https:\/\/blogdorogeriogomes.com.br\/noticias\/wp-json\/wp\/v2\/tags?post=32928"}],"curies":[{"name":"wp","href":"https:\/\/api.w.org\/{rel}","templated":true}]}}