{"id":32934,"date":"2024-06-11T09:44:12","date_gmt":"2024-06-11T09:44:12","guid":{"rendered":"https:\/\/blogdorogeriogomes.com.br\/noticias\/?p=32934"},"modified":"2024-06-11T09:44:13","modified_gmt":"2024-06-11T09:44:13","slug":"jose-sarto-inaugura-escola-areninha-na-serrinha-e-entrega-praca-requalificada-no-panamericano","status":"publish","type":"post","link":"https:\/\/blogdorogeriogomes.com.br\/noticias\/2024\/06\/jose-sarto-inaugura-escola-areninha-na-serrinha-e-entrega-praca-requalificada-no-panamericano\/","title":{"rendered":"Jos\u00e9 Sarto inaugura Escola Areninha na Serrinha e entrega pra\u00e7a requalificada no Panamericano"},"content":{"rendered":"\n<p>O prefeito de Fortaleza, Jos\u00e9 Sarto, inaugurou, nesta segunda-feira, dia 10 de junho, uma nova Escola Areninha \u2013 Esporte e Educa\u00e7\u00e3o em Tempo Integral no bairro Serrinha. O equipamento educacional fortalece a pol\u00edtica de educa\u00e7\u00e3o de tempo integral ao promover pr\u00e1ticas esportivas e aulas de l\u00edngua portuguesa e matem\u00e1tica no contraturno escolar para alunos do 6\u00ba ao 9\u00ba ano. Al\u00e9m da unidade, tamb\u00e9m foram entregues as obras de urbaniza\u00e7\u00e3o do entorno da Areninha do bairro.<\/p>\n\n\n\n<p>Sarto tamb\u00e9m entregou a requalifica\u00e7\u00e3o da Pra\u00e7a Doutor Juraci Magalh\u00e3es. Localizado no bairro Panamericano, na Regional 11, o equipamento recebeu melhorias para garantir maior conforto, seguran\u00e7a e op\u00e7\u00f5es de lazer para os moradores do entorno. Foram executados servi\u00e7os de manuten\u00e7\u00e3o nos equipamentos de esporte e lazer, como campinho, academia ao ar livre e playground, assim como reforma no piso, meio fio e outras estruturas.<\/p>\n\n\n\n<figure class=\"wp-block-image size-large\"><img loading=\"lazy\" decoding=\"async\" width=\"1024\" height=\"602\" src=\"https:\/\/blogdorogeriogomes.com.br\/noticias\/wp-content\/uploads\/2024\/06\/10-06-2024-SME-346-1024x602.jpg\" alt=\"\" class=\"wp-image-32935\" srcset=\"https:\/\/blogdorogeriogomes.com.br\/noticias\/wp-content\/uploads\/2024\/06\/10-06-2024-SME-346-1024x602.jpg 1024w, https:\/\/blogdorogeriogomes.com.br\/noticias\/wp-content\/uploads\/2024\/06\/10-06-2024-SME-346-300x176.jpg 300w, https:\/\/blogdorogeriogomes.com.br\/noticias\/wp-content\/uploads\/2024\/06\/10-06-2024-SME-346-768x451.jpg 768w, https:\/\/blogdorogeriogomes.com.br\/noticias\/wp-content\/uploads\/2024\/06\/10-06-2024-SME-346-800x470.jpg 800w, https:\/\/blogdorogeriogomes.com.br\/noticias\/wp-content\/uploads\/2024\/06\/10-06-2024-SME-346.jpg 1280w\" sizes=\"auto, (max-width: 1024px) 100vw, 1024px\" \/><\/figure>\n","protected":false},"excerpt":{"rendered":"<p>O prefeito de Fortaleza, Jos\u00e9 Sarto, inaugurou, nesta segunda-feira, dia 10 de junho, uma nova Escola Areninha \u2013 Esporte e Educa\u00e7\u00e3o em Tempo Integral no bairro Serrinha. O equipamento educacional fortalece a pol\u00edtica de educa\u00e7\u00e3o de tempo integral ao promover pr\u00e1ticas esportivas e aulas de l\u00edngua portuguesa e matem\u00e1tica no contraturno escolar para alunos do 6\u00ba ao 9\u00ba ano. Al\u00e9m da unidade, tamb\u00e9m foram entregues as obras de urbaniza\u00e7\u00e3o do entorno da Areninha do bairro. Sarto tamb\u00e9m entregou a&hellip;<\/p>\n","protected":false},"author":1,"featured_media":32935,"comment_status":"open","ping_status":"open","sticky":false,"template":"","format":"standard","meta":{"footnotes":""},"categories":[1],"tags":[],"class_list":["post-32934","post","type-post","status-publish","format-standard","has-post-thumbnail","hentry","category-noticias"],"_links":{"self":[{"href":"https:\/\/blogdorogeriogomes.com.br\/noticias\/wp-json\/wp\/v2\/posts\/32934","targetHints":{"allow":["GET"]}}],"collection":[{"href":"https:\/\/blogdorogeriogomes.com.br\/noticias\/wp-json\/wp\/v2\/posts"}],"about":[{"href":"https:\/\/blogdorogeriogomes.com.br\/noticias\/wp-json\/wp\/v2\/types\/post"}],"author":[{"embeddable":true,"href":"https:\/\/blogdorogeriogomes.com.br\/noticias\/wp-json\/wp\/v2\/users\/1"}],"replies":[{"embeddable":true,"href":"https:\/\/blogdorogeriogomes.com.br\/noticias\/wp-json\/wp\/v2\/comments?post=32934"}],"version-history":[{"count":1,"href":"https:\/\/blogdorogeriogomes.com.br\/noticias\/wp-json\/wp\/v2\/posts\/32934\/revisions"}],"predecessor-version":[{"id":32936,"href":"https:\/\/blogdorogeriogomes.com.br\/noticias\/wp-json\/wp\/v2\/posts\/32934\/revisions\/32936"}],"wp:featuredmedia":[{"embeddable":true,"href":"https:\/\/blogdorogeriogomes.com.br\/noticias\/wp-json\/wp\/v2\/media\/32935"}],"wp:attachment":[{"href":"https:\/\/blogdorogeriogomes.com.br\/noticias\/wp-json\/wp\/v2\/media?parent=32934"}],"wp:term":[{"taxonomy":"category","embeddable":true,"href":"https:\/\/blogdorogeriogomes.com.br\/noticias\/wp-json\/wp\/v2\/categories?post=32934"},{"taxonomy":"post_tag","embeddable":true,"href":"https:\/\/blogdorogeriogomes.com.br\/noticias\/wp-json\/wp\/v2\/tags?post=32934"}],"curies":[{"name":"wp","href":"https:\/\/api.w.org\/{rel}","templated":true}]}}