{"id":32940,"date":"2024-06-13T10:52:34","date_gmt":"2024-06-13T10:52:34","guid":{"rendered":"https:\/\/blogdorogeriogomes.com.br\/noticias\/?p=32940"},"modified":"2024-06-13T10:52:35","modified_gmt":"2024-06-13T10:52:35","slug":"ministro-juscelino-filho-e-indiciado-pela-policia-federal-suspeito-de-corrupcao-e-organizacao-criminosa","status":"publish","type":"post","link":"https:\/\/blogdorogeriogomes.com.br\/noticias\/2024\/06\/ministro-juscelino-filho-e-indiciado-pela-policia-federal-suspeito-de-corrupcao-e-organizacao-criminosa\/","title":{"rendered":"Ministro Juscelino Filho \u00e9 indiciado pela Pol\u00edcia Federal suspeito de corrup\u00e7\u00e3o e organiza\u00e7\u00e3o criminosa"},"content":{"rendered":"\n<p>O ministro das Comunica\u00e7\u00f5es Juscelino Filho foi indiciado pela Pol\u00edcia Federal (PF) em uma investiga\u00e7\u00e3o sobre desvio de verbas federais da Companhia de Desenvolvimento dos Vales do S\u00e3o Francisco e do Parna\u00edba (Codevasf). Ele teria praticado supostos crimes de corrup\u00e7\u00e3o, lavagem de dinheiro e organiza\u00e7\u00e3o criminosa. Segundo o ministro, o seu indiciamento est\u00e1 nos moldes da Opera\u00e7\u00e3o Lava Jato, que &#8220;causou danos irrepar\u00e1veis a pessoas inocentes&#8221;<\/p>\n\n\n\n<p>O relat\u00f3rio da investiga\u00e7\u00e3o chegou ao gabinete do ministro Fl\u00e1vio Dino, do Supremo Tribunal Federal (STF), nesta ter\u00e7a-feira, dia 11 de junho. Juscelino deve remeter os autos para a Procuradoria-Geral da Rep\u00fablica (PGR), para que ela se manifeste sobre uma eventual den\u00fancia no caso ou pe\u00e7a novas dilig\u00eancias.<\/p>\n\n\n\n<p>Em novembro de 2023, a PF j\u00e1 havia acusado o ministro de ter uma &#8220;rela\u00e7\u00e3o criminosa&#8221; com o dono de uma empreiteira sob investiga\u00e7\u00e3o de supostos desvios em contratos da estatal federal Codevasf.<\/p>\n\n\n\n<figure class=\"wp-block-image size-full\"><img loading=\"lazy\" decoding=\"async\" width=\"418\" height=\"314\" src=\"https:\/\/blogdorogeriogomes.com.br\/noticias\/wp-content\/uploads\/2024\/06\/Juscelino-Filho.jpg\" alt=\"\" class=\"wp-image-32941\" srcset=\"https:\/\/blogdorogeriogomes.com.br\/noticias\/wp-content\/uploads\/2024\/06\/Juscelino-Filho.jpg 418w, https:\/\/blogdorogeriogomes.com.br\/noticias\/wp-content\/uploads\/2024\/06\/Juscelino-Filho-300x225.jpg 300w, https:\/\/blogdorogeriogomes.com.br\/noticias\/wp-content\/uploads\/2024\/06\/Juscelino-Filho-400x300.jpg 400w\" sizes=\"auto, (max-width: 418px) 100vw, 418px\" \/><\/figure>\n","protected":false},"excerpt":{"rendered":"<p>O ministro das Comunica\u00e7\u00f5es Juscelino Filho foi indiciado pela Pol\u00edcia Federal (PF) em uma investiga\u00e7\u00e3o sobre desvio de verbas federais da Companhia de Desenvolvimento dos Vales do S\u00e3o Francisco e do Parna\u00edba (Codevasf). Ele teria praticado supostos crimes de corrup\u00e7\u00e3o, lavagem de dinheiro e organiza\u00e7\u00e3o criminosa. Segundo o ministro, o seu indiciamento est\u00e1 nos moldes da Opera\u00e7\u00e3o Lava Jato, que &#8220;causou danos irrepar\u00e1veis a pessoas inocentes&#8221; O relat\u00f3rio da investiga\u00e7\u00e3o chegou ao gabinete do ministro Fl\u00e1vio Dino, do Supremo&hellip;<\/p>\n","protected":false},"author":1,"featured_media":32941,"comment_status":"open","ping_status":"open","sticky":false,"template":"","format":"standard","meta":{"footnotes":""},"categories":[1],"tags":[],"class_list":["post-32940","post","type-post","status-publish","format-standard","has-post-thumbnail","hentry","category-noticias"],"_links":{"self":[{"href":"https:\/\/blogdorogeriogomes.com.br\/noticias\/wp-json\/wp\/v2\/posts\/32940","targetHints":{"allow":["GET"]}}],"collection":[{"href":"https:\/\/blogdorogeriogomes.com.br\/noticias\/wp-json\/wp\/v2\/posts"}],"about":[{"href":"https:\/\/blogdorogeriogomes.com.br\/noticias\/wp-json\/wp\/v2\/types\/post"}],"author":[{"embeddable":true,"href":"https:\/\/blogdorogeriogomes.com.br\/noticias\/wp-json\/wp\/v2\/users\/1"}],"replies":[{"embeddable":true,"href":"https:\/\/blogdorogeriogomes.com.br\/noticias\/wp-json\/wp\/v2\/comments?post=32940"}],"version-history":[{"count":1,"href":"https:\/\/blogdorogeriogomes.com.br\/noticias\/wp-json\/wp\/v2\/posts\/32940\/revisions"}],"predecessor-version":[{"id":32942,"href":"https:\/\/blogdorogeriogomes.com.br\/noticias\/wp-json\/wp\/v2\/posts\/32940\/revisions\/32942"}],"wp:featuredmedia":[{"embeddable":true,"href":"https:\/\/blogdorogeriogomes.com.br\/noticias\/wp-json\/wp\/v2\/media\/32941"}],"wp:attachment":[{"href":"https:\/\/blogdorogeriogomes.com.br\/noticias\/wp-json\/wp\/v2\/media?parent=32940"}],"wp:term":[{"taxonomy":"category","embeddable":true,"href":"https:\/\/blogdorogeriogomes.com.br\/noticias\/wp-json\/wp\/v2\/categories?post=32940"},{"taxonomy":"post_tag","embeddable":true,"href":"https:\/\/blogdorogeriogomes.com.br\/noticias\/wp-json\/wp\/v2\/tags?post=32940"}],"curies":[{"name":"wp","href":"https:\/\/api.w.org\/{rel}","templated":true}]}}