{"id":32943,"date":"2024-06-13T11:01:29","date_gmt":"2024-06-13T11:01:29","guid":{"rendered":"https:\/\/blogdorogeriogomes.com.br\/noticias\/?p=32943"},"modified":"2024-06-13T11:01:29","modified_gmt":"2024-06-13T11:01:29","slug":"assembleia-legislativa-do-ceara-aprova-dispensa-de-licenca-ambiental-para-pequenos-produtores-rurais","status":"publish","type":"post","link":"https:\/\/blogdorogeriogomes.com.br\/noticias\/2024\/06\/assembleia-legislativa-do-ceara-aprova-dispensa-de-licenca-ambiental-para-pequenos-produtores-rurais\/","title":{"rendered":"Assembleia Legislativa do Cear\u00e1 aprova dispensa de licen\u00e7a ambiental para pequenos produtores rurais"},"content":{"rendered":"\n<p>A Assembleia Legislativa do Cear\u00e1 (Alece) aprovou, nesta quarta-feira, dia 12)l de junho, projeto de lei do Poder Executivo que dispensa a apresenta\u00e7\u00e3o de licen\u00e7a ambiental e outorga de direito de uso de recursos h\u00eddricos por pequenos produtores rurais que desejam solicitar tarifas especiais de\u00a0energia para a irriga\u00e7\u00e3o.\u00a0\u00a0<\/p>\n\n\n\n<p>A medida come\u00e7ou a tramitar nesta quarta-feira, dia 12 de junho, sendo aprovada em regime de urg\u00eancia. Agora, ir\u00e1 para san\u00e7\u00e3o do governador Elmano de Freitas (PT).<\/p>\n\n\n\n<p>Pelo projeto, os pequenos produtores que estiverem irregulares com o licenciamento ambiental no momento das revis\u00f5es cadastrais junto a Enel, necess\u00e1rias para manuten\u00e7\u00e3o da tarifa mais baixa de renda ficar\u00e3o dispensados de apresentar a documenta\u00e7\u00e3o.\u00a0<\/p>\n\n\n\n<figure class=\"wp-block-image size-large\"><img loading=\"lazy\" decoding=\"async\" width=\"1024\" height=\"683\" src=\"https:\/\/blogdorogeriogomes.com.br\/noticias\/wp-content\/uploads\/2024\/06\/n5gPtgeZfpalbnL5HnY5iwq3ioQnslNUqlHQzHqu-1024x683.jpg\" alt=\"\" class=\"wp-image-32944\" srcset=\"https:\/\/blogdorogeriogomes.com.br\/noticias\/wp-content\/uploads\/2024\/06\/n5gPtgeZfpalbnL5HnY5iwq3ioQnslNUqlHQzHqu-1024x683.jpg 1024w, https:\/\/blogdorogeriogomes.com.br\/noticias\/wp-content\/uploads\/2024\/06\/n5gPtgeZfpalbnL5HnY5iwq3ioQnslNUqlHQzHqu-300x200.jpg 300w, https:\/\/blogdorogeriogomes.com.br\/noticias\/wp-content\/uploads\/2024\/06\/n5gPtgeZfpalbnL5HnY5iwq3ioQnslNUqlHQzHqu-768x512.jpg 768w, https:\/\/blogdorogeriogomes.com.br\/noticias\/wp-content\/uploads\/2024\/06\/n5gPtgeZfpalbnL5HnY5iwq3ioQnslNUqlHQzHqu-800x534.jpg 800w, https:\/\/blogdorogeriogomes.com.br\/noticias\/wp-content\/uploads\/2024\/06\/n5gPtgeZfpalbnL5HnY5iwq3ioQnslNUqlHQzHqu.jpg 1459w\" sizes=\"auto, (max-width: 1024px) 100vw, 1024px\" \/><\/figure>\n","protected":false},"excerpt":{"rendered":"<p>A Assembleia Legislativa do Cear\u00e1 (Alece) aprovou, nesta quarta-feira, dia 12)l de junho, projeto de lei do Poder Executivo que dispensa a apresenta\u00e7\u00e3o de licen\u00e7a ambiental e outorga de direito de uso de recursos h\u00eddricos por pequenos produtores rurais que desejam solicitar tarifas especiais de\u00a0energia para a irriga\u00e7\u00e3o.\u00a0\u00a0 A medida come\u00e7ou a tramitar nesta quarta-feira, dia 12 de junho, sendo aprovada em regime de urg\u00eancia. Agora, ir\u00e1 para san\u00e7\u00e3o do governador Elmano de Freitas (PT). Pelo projeto, os pequenos&hellip;<\/p>\n","protected":false},"author":1,"featured_media":32944,"comment_status":"open","ping_status":"open","sticky":false,"template":"","format":"standard","meta":{"footnotes":""},"categories":[1],"tags":[],"class_list":["post-32943","post","type-post","status-publish","format-standard","has-post-thumbnail","hentry","category-noticias"],"_links":{"self":[{"href":"https:\/\/blogdorogeriogomes.com.br\/noticias\/wp-json\/wp\/v2\/posts\/32943","targetHints":{"allow":["GET"]}}],"collection":[{"href":"https:\/\/blogdorogeriogomes.com.br\/noticias\/wp-json\/wp\/v2\/posts"}],"about":[{"href":"https:\/\/blogdorogeriogomes.com.br\/noticias\/wp-json\/wp\/v2\/types\/post"}],"author":[{"embeddable":true,"href":"https:\/\/blogdorogeriogomes.com.br\/noticias\/wp-json\/wp\/v2\/users\/1"}],"replies":[{"embeddable":true,"href":"https:\/\/blogdorogeriogomes.com.br\/noticias\/wp-json\/wp\/v2\/comments?post=32943"}],"version-history":[{"count":1,"href":"https:\/\/blogdorogeriogomes.com.br\/noticias\/wp-json\/wp\/v2\/posts\/32943\/revisions"}],"predecessor-version":[{"id":32945,"href":"https:\/\/blogdorogeriogomes.com.br\/noticias\/wp-json\/wp\/v2\/posts\/32943\/revisions\/32945"}],"wp:featuredmedia":[{"embeddable":true,"href":"https:\/\/blogdorogeriogomes.com.br\/noticias\/wp-json\/wp\/v2\/media\/32944"}],"wp:attachment":[{"href":"https:\/\/blogdorogeriogomes.com.br\/noticias\/wp-json\/wp\/v2\/media?parent=32943"}],"wp:term":[{"taxonomy":"category","embeddable":true,"href":"https:\/\/blogdorogeriogomes.com.br\/noticias\/wp-json\/wp\/v2\/categories?post=32943"},{"taxonomy":"post_tag","embeddable":true,"href":"https:\/\/blogdorogeriogomes.com.br\/noticias\/wp-json\/wp\/v2\/tags?post=32943"}],"curies":[{"name":"wp","href":"https:\/\/api.w.org\/{rel}","templated":true}]}}