{"id":32946,"date":"2024-06-13T11:08:34","date_gmt":"2024-06-13T11:08:34","guid":{"rendered":"https:\/\/blogdorogeriogomes.com.br\/noticias\/?p=32946"},"modified":"2024-06-13T11:08:35","modified_gmt":"2024-06-13T11:08:35","slug":"seguranca-publica-do-ceara-tera-reforco-de-1-100-policiais-militares-a-partir-da-proxima-semana","status":"publish","type":"post","link":"https:\/\/blogdorogeriogomes.com.br\/noticias\/2024\/06\/seguranca-publica-do-ceara-tera-reforco-de-1-100-policiais-militares-a-partir-da-proxima-semana\/","title":{"rendered":"Seguran\u00e7a P\u00fablica do Cear\u00e1 ter\u00e1 refor\u00e7o de 1.100 policiais militares a partir da pr\u00f3xima semana"},"content":{"rendered":"\n<p>O governador Elmano de Freitas anunciou que a Seguran\u00e7a P\u00fablica do Cear\u00e1 contar\u00e1 com refor\u00e7o de 1.100 policiais militares a partir da pr\u00f3xima semana. O efetivo ir\u00e1 atuar, de forma priorit\u00e1ria, em Fortaleza e na Regi\u00e3o Metropolitana da Capital. A atua\u00e7\u00e3o dos novos policiais militares se dar\u00e1 a p\u00e9 e tamb\u00e9m de forma motorizada em ruas, pra\u00e7as, \u00e1reas de praias, centros comerciais, corredores de grande movimenta\u00e7\u00e3o de pessoas, al\u00e9m de outros locais da cidade e RMF.<\/p>\n\n\n\n<p>&#8220;Me reuni com cada vinculada e passamos novas diretrizes, como a redistribui\u00e7\u00e3o do efetivo para locais, ap\u00f3s um estudo de an\u00e1lise criminal, onde a a\u00e7\u00e3o era mais necess\u00e1ria. Com a integra\u00e7\u00e3o das for\u00e7as, j\u00e1 come\u00e7amos a efetuar pris\u00f5es com uma a\u00e7\u00e3o repreensiva qualificada, aumentando assim a visibilidade dessa pol\u00edcia ostensiva&#8221;, destacou o novo secret\u00e1rio de Seguran\u00e7a P\u00fablica, Roberto S\u00e1.<\/p>\n\n\n\n<figure class=\"wp-block-image size-full\"><img loading=\"lazy\" decoding=\"async\" width=\"640\" height=\"480\" src=\"https:\/\/blogdorogeriogomes.com.br\/noticias\/wp-content\/uploads\/2024\/06\/images-49.jpeg\" alt=\"\" class=\"wp-image-32947\" srcset=\"https:\/\/blogdorogeriogomes.com.br\/noticias\/wp-content\/uploads\/2024\/06\/images-49.jpeg 640w, https:\/\/blogdorogeriogomes.com.br\/noticias\/wp-content\/uploads\/2024\/06\/images-49-300x225.jpeg 300w, https:\/\/blogdorogeriogomes.com.br\/noticias\/wp-content\/uploads\/2024\/06\/images-49-400x300.jpeg 400w\" sizes=\"auto, (max-width: 640px) 100vw, 640px\" \/><\/figure>\n","protected":false},"excerpt":{"rendered":"<p>O governador Elmano de Freitas anunciou que a Seguran\u00e7a P\u00fablica do Cear\u00e1 contar\u00e1 com refor\u00e7o de 1.100 policiais militares a partir da pr\u00f3xima semana. O efetivo ir\u00e1 atuar, de forma priorit\u00e1ria, em Fortaleza e na Regi\u00e3o Metropolitana da Capital. A atua\u00e7\u00e3o dos novos policiais militares se dar\u00e1 a p\u00e9 e tamb\u00e9m de forma motorizada em ruas, pra\u00e7as, \u00e1reas de praias, centros comerciais, corredores de grande movimenta\u00e7\u00e3o de pessoas, al\u00e9m de outros locais da cidade e RMF. &#8220;Me reuni com&hellip;<\/p>\n","protected":false},"author":1,"featured_media":32947,"comment_status":"open","ping_status":"open","sticky":false,"template":"","format":"standard","meta":{"footnotes":""},"categories":[1],"tags":[],"class_list":["post-32946","post","type-post","status-publish","format-standard","has-post-thumbnail","hentry","category-noticias"],"_links":{"self":[{"href":"https:\/\/blogdorogeriogomes.com.br\/noticias\/wp-json\/wp\/v2\/posts\/32946","targetHints":{"allow":["GET"]}}],"collection":[{"href":"https:\/\/blogdorogeriogomes.com.br\/noticias\/wp-json\/wp\/v2\/posts"}],"about":[{"href":"https:\/\/blogdorogeriogomes.com.br\/noticias\/wp-json\/wp\/v2\/types\/post"}],"author":[{"embeddable":true,"href":"https:\/\/blogdorogeriogomes.com.br\/noticias\/wp-json\/wp\/v2\/users\/1"}],"replies":[{"embeddable":true,"href":"https:\/\/blogdorogeriogomes.com.br\/noticias\/wp-json\/wp\/v2\/comments?post=32946"}],"version-history":[{"count":1,"href":"https:\/\/blogdorogeriogomes.com.br\/noticias\/wp-json\/wp\/v2\/posts\/32946\/revisions"}],"predecessor-version":[{"id":32948,"href":"https:\/\/blogdorogeriogomes.com.br\/noticias\/wp-json\/wp\/v2\/posts\/32946\/revisions\/32948"}],"wp:featuredmedia":[{"embeddable":true,"href":"https:\/\/blogdorogeriogomes.com.br\/noticias\/wp-json\/wp\/v2\/media\/32947"}],"wp:attachment":[{"href":"https:\/\/blogdorogeriogomes.com.br\/noticias\/wp-json\/wp\/v2\/media?parent=32946"}],"wp:term":[{"taxonomy":"category","embeddable":true,"href":"https:\/\/blogdorogeriogomes.com.br\/noticias\/wp-json\/wp\/v2\/categories?post=32946"},{"taxonomy":"post_tag","embeddable":true,"href":"https:\/\/blogdorogeriogomes.com.br\/noticias\/wp-json\/wp\/v2\/tags?post=32946"}],"curies":[{"name":"wp","href":"https:\/\/api.w.org\/{rel}","templated":true}]}}