{"id":32958,"date":"2024-06-14T10:10:12","date_gmt":"2024-06-14T10:10:12","guid":{"rendered":"https:\/\/blogdorogeriogomes.com.br\/noticias\/?p=32958"},"modified":"2024-06-14T10:10:12","modified_gmt":"2024-06-14T10:10:12","slug":"camara-municipal-de-fortaleza-tem-ate-30-dias-para-analisar-vetos-de-jose-sarto-a-projetos-de-reducao-ambiental","status":"publish","type":"post","link":"https:\/\/blogdorogeriogomes.com.br\/noticias\/2024\/06\/camara-municipal-de-fortaleza-tem-ate-30-dias-para-analisar-vetos-de-jose-sarto-a-projetos-de-reducao-ambiental\/","title":{"rendered":"C\u00e2mara Municipal de Fortaleza tem at\u00e9 30 dias para analisar vetos de Jos\u00e9 Sarto a projetos de redu\u00e7\u00e3o ambiental"},"content":{"rendered":"\n<p>Os vereadores de Fortaleza t\u00eam um prazo de 30 dias para votar o veto do prefeito Jos\u00e9 Sarto a tr\u00eas projetos que reduzem \u00e1reas de prote\u00e7\u00e3o ambiental na Capital. Esta semana, Sarto vetou integralmente as propostas que tratam da redu\u00e7\u00e3o de\u00a0\u00e1reas ambientais nos bairros Presidente Kennedy e S\u00e3o Gerardo, de autoria do vereador Adail Jr (PDT) e do ex-vereador e, hoje, deputado estadual Ant\u00f4nio Henrique (PDT), e da flexibiliza\u00e7\u00e3o do pagamento da outorga onerosa, de Paulo Martins (PDT).<\/p>\n\n\n\n<p>Segundo o regimento interno da C\u00e2mara Municipal, os vetos devem ser apreciados dentro de 30 dias a contar de seu recebimento, s\u00f3 podendo ser rejeitado pelo voto da maioria absoluta dos vereadores. Caso contr\u00e1rio, ser\u00e1 colocado na Ordem do Dia da primeira sess\u00e3o ordin\u00e1ria subsequente, bloqueando a pauta das demais proposi\u00e7\u00f5es, at\u00e9 sua vota\u00e7\u00e3o final.<\/p>\n\n\n\n<figure class=\"wp-block-image size-full\"><img loading=\"lazy\" decoding=\"async\" width=\"756\" height=\"405\" src=\"https:\/\/blogdorogeriogomes.com.br\/noticias\/wp-content\/uploads\/2024\/06\/images-50.jpeg\" alt=\"\" class=\"wp-image-32959\" srcset=\"https:\/\/blogdorogeriogomes.com.br\/noticias\/wp-content\/uploads\/2024\/06\/images-50.jpeg 756w, https:\/\/blogdorogeriogomes.com.br\/noticias\/wp-content\/uploads\/2024\/06\/images-50-300x161.jpeg 300w\" sizes=\"auto, (max-width: 756px) 100vw, 756px\" \/><\/figure>\n","protected":false},"excerpt":{"rendered":"<p>Os vereadores de Fortaleza t\u00eam um prazo de 30 dias para votar o veto do prefeito Jos\u00e9 Sarto a tr\u00eas projetos que reduzem \u00e1reas de prote\u00e7\u00e3o ambiental na Capital. Esta semana, Sarto vetou integralmente as propostas que tratam da redu\u00e7\u00e3o de\u00a0\u00e1reas ambientais nos bairros Presidente Kennedy e S\u00e3o Gerardo, de autoria do vereador Adail Jr (PDT) e do ex-vereador e, hoje, deputado estadual Ant\u00f4nio Henrique (PDT), e da flexibiliza\u00e7\u00e3o do pagamento da outorga onerosa, de Paulo Martins (PDT). Segundo&hellip;<\/p>\n","protected":false},"author":1,"featured_media":32959,"comment_status":"open","ping_status":"open","sticky":false,"template":"","format":"standard","meta":{"footnotes":""},"categories":[1],"tags":[],"class_list":["post-32958","post","type-post","status-publish","format-standard","has-post-thumbnail","hentry","category-noticias"],"_links":{"self":[{"href":"https:\/\/blogdorogeriogomes.com.br\/noticias\/wp-json\/wp\/v2\/posts\/32958","targetHints":{"allow":["GET"]}}],"collection":[{"href":"https:\/\/blogdorogeriogomes.com.br\/noticias\/wp-json\/wp\/v2\/posts"}],"about":[{"href":"https:\/\/blogdorogeriogomes.com.br\/noticias\/wp-json\/wp\/v2\/types\/post"}],"author":[{"embeddable":true,"href":"https:\/\/blogdorogeriogomes.com.br\/noticias\/wp-json\/wp\/v2\/users\/1"}],"replies":[{"embeddable":true,"href":"https:\/\/blogdorogeriogomes.com.br\/noticias\/wp-json\/wp\/v2\/comments?post=32958"}],"version-history":[{"count":1,"href":"https:\/\/blogdorogeriogomes.com.br\/noticias\/wp-json\/wp\/v2\/posts\/32958\/revisions"}],"predecessor-version":[{"id":32960,"href":"https:\/\/blogdorogeriogomes.com.br\/noticias\/wp-json\/wp\/v2\/posts\/32958\/revisions\/32960"}],"wp:featuredmedia":[{"embeddable":true,"href":"https:\/\/blogdorogeriogomes.com.br\/noticias\/wp-json\/wp\/v2\/media\/32959"}],"wp:attachment":[{"href":"https:\/\/blogdorogeriogomes.com.br\/noticias\/wp-json\/wp\/v2\/media?parent=32958"}],"wp:term":[{"taxonomy":"category","embeddable":true,"href":"https:\/\/blogdorogeriogomes.com.br\/noticias\/wp-json\/wp\/v2\/categories?post=32958"},{"taxonomy":"post_tag","embeddable":true,"href":"https:\/\/blogdorogeriogomes.com.br\/noticias\/wp-json\/wp\/v2\/tags?post=32958"}],"curies":[{"name":"wp","href":"https:\/\/api.w.org\/{rel}","templated":true}]}}