{"id":32961,"date":"2024-06-14T10:18:16","date_gmt":"2024-06-14T10:18:16","guid":{"rendered":"https:\/\/blogdorogeriogomes.com.br\/noticias\/?p=32961"},"modified":"2024-06-14T10:18:16","modified_gmt":"2024-06-14T10:18:16","slug":"camilo-santana-e-elmano-de-freitas-lancam-editais-de-licitacao-para-a-construcao-de-escolas-de-ensino-medio-no-ceara","status":"publish","type":"post","link":"https:\/\/blogdorogeriogomes.com.br\/noticias\/2024\/06\/camilo-santana-e-elmano-de-freitas-lancam-editais-de-licitacao-para-a-construcao-de-escolas-de-ensino-medio-no-ceara\/","title":{"rendered":"Camilo Santana e Elmano de Freitas lan\u00e7am editais de licita\u00e7\u00e3o para a constru\u00e7\u00e3o de escolas de Ensino M\u00e9dio no Cear\u00e1"},"content":{"rendered":"\n<p>O Governo do Cear\u00e1 lan\u00e7a, nesta sexta-feira, dia 14 de junho, no Pal\u00e1cio da Aboli\u00e7\u00e3o, editais de licita\u00e7\u00e3o para a constru\u00e7\u00e3o de escolas de Ensino M\u00e9dio, destinadas \u00e0 oferta do Tempo Integral. A solenidade contar\u00e1 com a presen\u00e7a do governador Elmano de Freitas, do ministro Camilo Santana, e da secret\u00e1ria da Educa\u00e7\u00e3o do estado, Eliana Estrela, al\u00e9m de prefeitos dos munic\u00edpios cearenses e outras autoridades.<\/p>\n\n\n\n<p>Para construir os novos espa\u00e7os, est\u00e1 previsto um investimento de mais de R$&nbsp;560 milh\u00f5es, com recursos oriundos do Tesouro Estadual e do Fundo de Manuten\u00e7\u00e3o e Desenvolvimento do Ensino Fundamental e de Valoriza\u00e7\u00e3o do Magist\u00e9rio (Fundef).<\/p>\n\n\n\n<p>Al\u00e9m de salas de aula, as escolas ter\u00e3o uma estrutura composta por biblioteca, laborat\u00f3rios e quadra poliesportiva. As obras ser\u00e3o supervisionadas pela Superintend\u00eancia de Obras P\u00fablicas (SOP).<\/p>\n\n\n\n<p>A constru\u00e7\u00e3o das escolas tem como finalidade ampliar o tempo integral na Capital e no Interior, no sentido de garantir a universaliza\u00e7\u00e3o deste modelo de ensino.<\/p>\n\n\n\n<figure class=\"wp-block-image size-full\"><img loading=\"lazy\" decoding=\"async\" width=\"683\" height=\"449\" src=\"https:\/\/blogdorogeriogomes.com.br\/noticias\/wp-content\/uploads\/2024\/06\/images-51.jpeg\" alt=\"\" class=\"wp-image-32962\" srcset=\"https:\/\/blogdorogeriogomes.com.br\/noticias\/wp-content\/uploads\/2024\/06\/images-51.jpeg 683w, https:\/\/blogdorogeriogomes.com.br\/noticias\/wp-content\/uploads\/2024\/06\/images-51-300x197.jpeg 300w\" sizes=\"auto, (max-width: 683px) 100vw, 683px\" \/><\/figure>\n","protected":false},"excerpt":{"rendered":"<p>O Governo do Cear\u00e1 lan\u00e7a, nesta sexta-feira, dia 14 de junho, no Pal\u00e1cio da Aboli\u00e7\u00e3o, editais de licita\u00e7\u00e3o para a constru\u00e7\u00e3o de escolas de Ensino M\u00e9dio, destinadas \u00e0 oferta do Tempo Integral. A solenidade contar\u00e1 com a presen\u00e7a do governador Elmano de Freitas, do ministro Camilo Santana, e da secret\u00e1ria da Educa\u00e7\u00e3o do estado, Eliana Estrela, al\u00e9m de prefeitos dos munic\u00edpios cearenses e outras autoridades. Para construir os novos espa\u00e7os, est\u00e1 previsto um investimento de mais de R$&nbsp;560 milh\u00f5es,&hellip;<\/p>\n","protected":false},"author":1,"featured_media":32962,"comment_status":"open","ping_status":"open","sticky":false,"template":"","format":"standard","meta":{"footnotes":""},"categories":[1],"tags":[],"class_list":["post-32961","post","type-post","status-publish","format-standard","has-post-thumbnail","hentry","category-noticias"],"_links":{"self":[{"href":"https:\/\/blogdorogeriogomes.com.br\/noticias\/wp-json\/wp\/v2\/posts\/32961","targetHints":{"allow":["GET"]}}],"collection":[{"href":"https:\/\/blogdorogeriogomes.com.br\/noticias\/wp-json\/wp\/v2\/posts"}],"about":[{"href":"https:\/\/blogdorogeriogomes.com.br\/noticias\/wp-json\/wp\/v2\/types\/post"}],"author":[{"embeddable":true,"href":"https:\/\/blogdorogeriogomes.com.br\/noticias\/wp-json\/wp\/v2\/users\/1"}],"replies":[{"embeddable":true,"href":"https:\/\/blogdorogeriogomes.com.br\/noticias\/wp-json\/wp\/v2\/comments?post=32961"}],"version-history":[{"count":1,"href":"https:\/\/blogdorogeriogomes.com.br\/noticias\/wp-json\/wp\/v2\/posts\/32961\/revisions"}],"predecessor-version":[{"id":32963,"href":"https:\/\/blogdorogeriogomes.com.br\/noticias\/wp-json\/wp\/v2\/posts\/32961\/revisions\/32963"}],"wp:featuredmedia":[{"embeddable":true,"href":"https:\/\/blogdorogeriogomes.com.br\/noticias\/wp-json\/wp\/v2\/media\/32962"}],"wp:attachment":[{"href":"https:\/\/blogdorogeriogomes.com.br\/noticias\/wp-json\/wp\/v2\/media?parent=32961"}],"wp:term":[{"taxonomy":"category","embeddable":true,"href":"https:\/\/blogdorogeriogomes.com.br\/noticias\/wp-json\/wp\/v2\/categories?post=32961"},{"taxonomy":"post_tag","embeddable":true,"href":"https:\/\/blogdorogeriogomes.com.br\/noticias\/wp-json\/wp\/v2\/tags?post=32961"}],"curies":[{"name":"wp","href":"https:\/\/api.w.org\/{rel}","templated":true}]}}