{"id":32967,"date":"2024-06-14T10:36:52","date_gmt":"2024-06-14T10:36:52","guid":{"rendered":"https:\/\/blogdorogeriogomes.com.br\/noticias\/?p=32967"},"modified":"2024-06-14T10:37:25","modified_gmt":"2024-06-14T10:37:25","slug":"ceara-tem-o-maior-avanco-economico-do-nordeste-diz-pesquisa-do-banco-central","status":"publish","type":"post","link":"https:\/\/blogdorogeriogomes.com.br\/noticias\/2024\/06\/ceara-tem-o-maior-avanco-economico-do-nordeste-diz-pesquisa-do-banco-central\/","title":{"rendered":"Cear\u00e1 tem o maior avan\u00e7o econ\u00f4mico do Nordeste, diz pesquisa do Banco Central"},"content":{"rendered":"\n<p>Com um crescimento de 4,4% no primeiro trimestre, o Cear\u00e1 est\u00e1 liderando o crescimento econ\u00f4mico do Nordeste. Os dados s\u00e3o do \u00edndice de atividade IBCR-NE, medido pelo Banco Central do Brasil (Bacen), divulgado na quarta-feira, dia 12 de junho. A pesquisa ainda mostra que o crescimento do estado foi maior que o da regi\u00e3o, que registrou incremento de 3,2% no mesmo per\u00edodo, e significativamente maior que o do Brasil (1%).<\/p>\n\n\n\n<p>O governador Elmano de Freitas comemorou o avan\u00e7o cearense. \u201cA economia do Cear\u00e1 registrou o maior avan\u00e7o do Nordeste no primeiro trimestre de 2024. A lideran\u00e7a do Cear\u00e1 nesse crescimento econ\u00f4mico regional representa mais emprego e renda para nossa popula\u00e7\u00e3o. \u00c9 mais oportunidade de trabalho para os cearenses\u201d, enfatizou. Puxada pelo avan\u00e7o do Cear\u00e1, esse foi o maior indicativo do avan\u00e7o da regi\u00e3o Nordeste desde 2015.<\/p>\n\n\n\n<figure class=\"wp-block-image size-large\"><img loading=\"lazy\" decoding=\"async\" width=\"1024\" height=\"765\" src=\"https:\/\/blogdorogeriogomes.com.br\/noticias\/wp-content\/uploads\/2024\/06\/191009_COMERCIO_TM08935-e1686851832820-1200x896-1-1024x765.jpg\" alt=\"\" class=\"wp-image-32968\" srcset=\"https:\/\/blogdorogeriogomes.com.br\/noticias\/wp-content\/uploads\/2024\/06\/191009_COMERCIO_TM08935-e1686851832820-1200x896-1-1024x765.jpg 1024w, https:\/\/blogdorogeriogomes.com.br\/noticias\/wp-content\/uploads\/2024\/06\/191009_COMERCIO_TM08935-e1686851832820-1200x896-1-300x224.jpg 300w, https:\/\/blogdorogeriogomes.com.br\/noticias\/wp-content\/uploads\/2024\/06\/191009_COMERCIO_TM08935-e1686851832820-1200x896-1-768x573.jpg 768w, https:\/\/blogdorogeriogomes.com.br\/noticias\/wp-content\/uploads\/2024\/06\/191009_COMERCIO_TM08935-e1686851832820-1200x896-1-800x597.jpg 800w, https:\/\/blogdorogeriogomes.com.br\/noticias\/wp-content\/uploads\/2024\/06\/191009_COMERCIO_TM08935-e1686851832820-1200x896-1-400x300.jpg 400w, https:\/\/blogdorogeriogomes.com.br\/noticias\/wp-content\/uploads\/2024\/06\/191009_COMERCIO_TM08935-e1686851832820-1200x896-1.jpg 1200w\" sizes=\"auto, (max-width: 1024px) 100vw, 1024px\" \/><\/figure>\n","protected":false},"excerpt":{"rendered":"<p>Com um crescimento de 4,4% no primeiro trimestre, o Cear\u00e1 est\u00e1 liderando o crescimento econ\u00f4mico do Nordeste. Os dados s\u00e3o do \u00edndice de atividade IBCR-NE, medido pelo Banco Central do Brasil (Bacen), divulgado na quarta-feira, dia 12 de junho. A pesquisa ainda mostra que o crescimento do estado foi maior que o da regi\u00e3o, que registrou incremento de 3,2% no mesmo per\u00edodo, e significativamente maior que o do Brasil (1%). O governador Elmano de Freitas comemorou o avan\u00e7o cearense.&hellip;<\/p>\n","protected":false},"author":1,"featured_media":32968,"comment_status":"open","ping_status":"open","sticky":false,"template":"","format":"standard","meta":{"footnotes":""},"categories":[1],"tags":[],"class_list":["post-32967","post","type-post","status-publish","format-standard","has-post-thumbnail","hentry","category-noticias"],"_links":{"self":[{"href":"https:\/\/blogdorogeriogomes.com.br\/noticias\/wp-json\/wp\/v2\/posts\/32967","targetHints":{"allow":["GET"]}}],"collection":[{"href":"https:\/\/blogdorogeriogomes.com.br\/noticias\/wp-json\/wp\/v2\/posts"}],"about":[{"href":"https:\/\/blogdorogeriogomes.com.br\/noticias\/wp-json\/wp\/v2\/types\/post"}],"author":[{"embeddable":true,"href":"https:\/\/blogdorogeriogomes.com.br\/noticias\/wp-json\/wp\/v2\/users\/1"}],"replies":[{"embeddable":true,"href":"https:\/\/blogdorogeriogomes.com.br\/noticias\/wp-json\/wp\/v2\/comments?post=32967"}],"version-history":[{"count":2,"href":"https:\/\/blogdorogeriogomes.com.br\/noticias\/wp-json\/wp\/v2\/posts\/32967\/revisions"}],"predecessor-version":[{"id":32970,"href":"https:\/\/blogdorogeriogomes.com.br\/noticias\/wp-json\/wp\/v2\/posts\/32967\/revisions\/32970"}],"wp:featuredmedia":[{"embeddable":true,"href":"https:\/\/blogdorogeriogomes.com.br\/noticias\/wp-json\/wp\/v2\/media\/32968"}],"wp:attachment":[{"href":"https:\/\/blogdorogeriogomes.com.br\/noticias\/wp-json\/wp\/v2\/media?parent=32967"}],"wp:term":[{"taxonomy":"category","embeddable":true,"href":"https:\/\/blogdorogeriogomes.com.br\/noticias\/wp-json\/wp\/v2\/categories?post=32967"},{"taxonomy":"post_tag","embeddable":true,"href":"https:\/\/blogdorogeriogomes.com.br\/noticias\/wp-json\/wp\/v2\/tags?post=32967"}],"curies":[{"name":"wp","href":"https:\/\/api.w.org\/{rel}","templated":true}]}}